{"id":923,"date":"2019-05-16T15:46:35","date_gmt":"2019-05-16T15:46:35","guid":{"rendered":"https:\/\/tamazuladegordiano.gob.mx\/new\/noticias\/gestion-sader\/"},"modified":"2019-05-16T15:46:35","modified_gmt":"2019-05-16T15:46:35","slug":"gestion-sader","status":"publish","type":"post","link":"https:\/\/tamazuladegordiano.gob.mx\/new\/noticias\/gestion-sader\/","title":{"rendered":"Gesti\u00f3n SADER"},"content":{"rendered":"<p>En su trabajo de gesti\u00f3n como mandatario municipal el Dr. Francisco Javier \u00c1lvarez Ch\u00e1vez, sostuvo una fruct\u00edfera reuni\u00f3n con el Titular de la SADER, Lic. Alberto Esquer Guti\u00e9rrez, con qui\u00e9n se analiz\u00f3 la situaci\u00f3n del Sur de Jalisco, en especial de Tamazula.<\/p>\n<p>Entre los puntos principales, el primer edil expuso la enorme necesidad de apoyo que tienen los productores del campo y muchos emprendedores que apuestan por el futuro del municipio y el fortalecimiento del campo.<\/p>\n<p style=\"text-align: center;\"><img decoding=\"async\" loading=\"lazy\" class=\" size-full wp-image-922\" src=\"http:\/\/tamazuladegordiano.gob.mx\/new\/wp-content\/uploads\/2019\/05\/gestion-sader.jpg\" alt=\"\" width=\"450\" height=\"600\" srcset=\"https:\/\/tamazuladegordiano.gob.mx\/new\/wp-content\/uploads\/2019\/05\/gestion-sader.jpg 450w, https:\/\/tamazuladegordiano.gob.mx\/new\/wp-content\/uploads\/2019\/05\/gestion-sader-225x300.jpg 225w\" sizes=\"(max-width: 450px) 100vw, 450px\" \/><\/p>\n<p>Entre estos, los Proyectos Productivos, mismos que ser\u00edan un detonante en la econom\u00eda de Tamazula, as\u00ed como otros que se le hab\u00edan presentado al inicio de su gesti\u00f3n.<\/p>\n<p>De ante mano sabemos que contamos con un gran aliado que conoce muy bien a Tamazula y todo el Sur de Jalisco, por lo que seguimos trabajando en muchos temas de gesti\u00f3n, porque estamos en la etapa de asignaci\u00f3n de recursos con los que habremos de enfrentar el segundo semestre del a\u00f1o.<\/p>\n<hr \/>\n<p>\u00a0<\/p>\n","protected":false},"excerpt":{"rendered":"<p>En su trabajo de gesti\u00f3n como mandatario municipal el Dr. Francisco Javier \u00c1lvarez Ch\u00e1vez, sostuvo una fruct\u00edfera reuni\u00f3n con el [&hellip;]<\/p>\n","protected":false},"author":1,"featured_media":922,"comment_status":"","ping_status":"","sticky":false,"template":"","format":"standard","meta":{"site-sidebar-layout":"default","site-content-layout":"","ast-site-content-layout":"default","site-content-style":"default","site-sidebar-style":"default","ast-global-header-display":"","ast-banner-title-visibility":"","ast-main-header-display":"","ast-hfb-above-header-display":"","ast-hfb-below-header-display":"","ast-hfb-mobile-header-display":"","site-post-title":"","ast-breadcrumbs-content":"","ast-featured-img":"","footer-sml-layout":"","ast-disable-related-posts":"","theme-transparent-header-meta":"","adv-header-id-meta":"","stick-header-meta":"","header-above-stick-meta":"","header-main-stick-meta":"","header-below-stick-meta":"","astra-migrate-meta-layouts":"default","ast-page-background-enabled":"default","ast-page-background-meta":{"desktop":{"background-color":"","background-image":"","background-repeat":"repeat","background-position":"center center","background-size":"auto","background-attachment":"scroll","background-type":"","background-media":"","overlay-type":"","overlay-color":"","overlay-opacity":"","overlay-gradient":""},"tablet":{"background-color":"","background-image":"","background-repeat":"repeat","background-position":"center center","background-size":"auto","background-attachment":"scroll","background-type":"","background-media":"","overlay-type":"","overlay-color":"","overlay-opacity":"","overlay-gradient":""},"mobile":{"background-color":"","background-image":"","background-repeat":"repeat","background-position":"center center","background-size":"auto","background-attachment":"scroll","background-type":"","background-media":"","overlay-type":"","overlay-color":"","overlay-opacity":"","overlay-gradient":""}},"ast-content-background-meta":{"desktop":{"background-color":"var(--ast-global-color-5)","background-image":"","background-repeat":"repeat","background-position":"center center","background-size":"auto","background-attachment":"scroll","background-type":"","background-media":"","overlay-type":"","overlay-color":"","overlay-opacity":"","overlay-gradient":""},"tablet":{"background-color":"var(--ast-global-color-5)","background-image":"","background-repeat":"repeat","background-position":"center center","background-size":"auto","background-attachment":"scroll","background-type":"","background-media":"","overlay-type":"","overlay-color":"","overlay-opacity":"","overlay-gradient":""},"mobile":{"background-color":"var(--ast-global-color-5)","background-image":"","background-repeat":"repeat","background-position":"center center","background-size":"auto","background-attachment":"scroll","background-type":"","background-media":"","overlay-type":"","overlay-color":"","overlay-opacity":"","overlay-gradient":""}}},"categories":[29],"tags":[],"_links":{"self":[{"href":"https:\/\/tamazuladegordiano.gob.mx\/new\/wp-json\/wp\/v2\/posts\/923"}],"collection":[{"href":"https:\/\/tamazuladegordiano.gob.mx\/new\/wp-json\/wp\/v2\/posts"}],"about":[{"href":"https:\/\/tamazuladegordiano.gob.mx\/new\/wp-json\/wp\/v2\/types\/post"}],"author":[{"embeddable":true,"href":"https:\/\/tamazuladegordiano.gob.mx\/new\/wp-json\/wp\/v2\/users\/1"}],"replies":[{"embeddable":true,"href":"https:\/\/tamazuladegordiano.gob.mx\/new\/wp-json\/wp\/v2\/comments?post=923"}],"version-history":[{"count":0,"href":"https:\/\/tamazuladegordiano.gob.mx\/new\/wp-json\/wp\/v2\/posts\/923\/revisions"}],"wp:featuredmedia":[{"embeddable":true,"href":"https:\/\/tamazuladegordiano.gob.mx\/new\/wp-json\/wp\/v2\/media\/922"}],"wp:attachment":[{"href":"https:\/\/tamazuladegordiano.gob.mx\/new\/wp-json\/wp\/v2\/media?parent=923"}],"wp:term":[{"taxonomy":"category","embeddable":true,"href":"https:\/\/tamazuladegordiano.gob.mx\/new\/wp-json\/wp\/v2\/categories?post=923"},{"taxonomy":"post_tag","embeddable":true,"href":"https:\/\/tamazuladegordiano.gob.mx\/new\/wp-json\/wp\/v2\/tags?post=923"}],"curies":[{"name":"wp","href":"https:\/\/api.w.org\/{rel}","templated":true}]}}