{"id":799,"date":"2019-03-22T18:17:00","date_gmt":"2019-03-22T18:17:00","guid":{"rendered":"https:\/\/tamazuladegordiano.gob.mx\/new\/noticias\/dia-del-artesano-2\/"},"modified":"2019-03-22T18:17:00","modified_gmt":"2019-03-22T18:17:00","slug":"dia-del-artesano-2","status":"publish","type":"post","link":"https:\/\/tamazuladegordiano.gob.mx\/new\/noticias\/dia-del-artesano-2\/","title":{"rendered":"D\u00eda Internacional del Artesano"},"content":{"rendered":"<p>Despu\u00e9s de 4 d\u00edas de actividades diversas entre ellas, art\u00edsticas y culturales, en la explanada del Centro Hist\u00f3rico de nuestra Ciudad, la noche de este Martes 19 de Marzo, en el marco del \u00abD\u00eda Internacional del Artesano\u00bb se llev\u00f3 a cabo la clausura y entrega de reconocimientos de manos de nuestro Presidente Municipal, Dr. Francisco Javier \u00c1lvarez Ch\u00e1vez; al grupo de artesanos de Tamazula.<\/p>\n<p style=\"text-align: center;\"><img decoding=\"async\" loading=\"lazy\" class=\" size-full wp-image-796\" src=\"http:\/\/tamazuladegordiano.gob.mx\/new\/wp-content\/uploads\/2019\/03\/artesanos-5.jpg\" alt=\"\" width=\"600\" height=\"400\" srcset=\"https:\/\/tamazuladegordiano.gob.mx\/new\/wp-content\/uploads\/2019\/03\/artesanos-5.jpg 600w, https:\/\/tamazuladegordiano.gob.mx\/new\/wp-content\/uploads\/2019\/03\/artesanos-5-300x200.jpg 300w\" sizes=\"(max-width: 600px) 100vw, 600px\" \/><\/p>\n<p><!--more--><\/p>\n<p style=\"text-align: center;\">\u00a0<\/p>\n<p style=\"font-size: 12.16px;\">Despu\u00e9s de 4 d\u00edas de actividades diversas entre ellas, art\u00edsticas y culturales, en la explanada del Centro Hist\u00f3rico de nuestra Ciudad, la noche de este Martes 19 de Marzo, en el marco del \u00abD\u00eda Internacional del Artesano\u00bb se llev\u00f3 a cabo la clausura y entrega de reconocimientos de manos de nuestro Presidente Municipal, Dr. Francisco Javier \u00c1lvarez Ch\u00e1vez; al grupo de artesanos de Tamazula.<\/p>\n<p style=\"text-align: center;\"><img decoding=\"async\" loading=\"lazy\" class=\" size-full wp-image-796\" src=\"http:\/\/tamazuladegordiano.gob.mx\/new\/wp-content\/uploads\/2019\/03\/artesanos-5.jpg\" alt=\"\" width=\"600\" height=\"400\" srcset=\"https:\/\/tamazuladegordiano.gob.mx\/new\/wp-content\/uploads\/2019\/03\/artesanos-5.jpg 600w, https:\/\/tamazuladegordiano.gob.mx\/new\/wp-content\/uploads\/2019\/03\/artesanos-5-300x200.jpg 300w\" sizes=\"(max-width: 600px) 100vw, 600px\" \/><\/p>\n<p>El primer edil, quien estuvo acompa\u00f1ado por el Regidor de Promoci\u00f3n Econ\u00f3mica, Tec. Juan Manuel Antill\u00f3n Ruelas; Mtra. Perla del Roc\u00edo D\u00edaz Zarco; el Secretario General del Honorable Ayuntamiento, Mtro. Juan Ignacio Herrera del Toro; la Directora de Desarrollo Econ\u00f3mico, Ing. M\u00f3nica Baltazar Torres; la Directora del Instituto Municipal de las Mujeres Tamazulenses, Lic. Luz Evelia Rocha Vazquez; la Jefa de Fomento Artesanal, Tec. Ana Victoria Casta\u00f1eda Moreno; as\u00ed como la Presidenta del grupo de artesanos, Sra. Leticia Alcaraz \u00c1lvarez y el auxiliar de casas de cultura del Municipio en representaci\u00f3n de la Jefa X\u00f3chitl D\u00edaz; en el uso de la voz agradeci\u00f3 a los artesanos por llenar con sus artesan\u00edas de vida y color nuestro jard\u00edn principal durante estos d\u00edas, reconociendo su trabajo y entrega.<\/p>\n<p style=\"text-align: center;\">\u00a0<\/p>\n<p>Por su cuenta la presidenta de los artesanos agradeci\u00f3 el incansable apoyo e impulso recibido por la administraci\u00f3n que encabeza \u00c4lvarez Ch\u00e1vez.<\/p>\n<p>\u00a0<\/p>\n<p style=\"text-align: center;\"><img decoding=\"async\" loading=\"lazy\" class=\" size-full wp-image-797\" src=\"http:\/\/tamazuladegordiano.gob.mx\/new\/wp-content\/uploads\/2019\/03\/artesanos-2.jpg\" alt=\"\" width=\"600\" height=\"400\" srcset=\"https:\/\/tamazuladegordiano.gob.mx\/new\/wp-content\/uploads\/2019\/03\/artesanos-2.jpg 600w, https:\/\/tamazuladegordiano.gob.mx\/new\/wp-content\/uploads\/2019\/03\/artesanos-2-300x200.jpg 300w\" sizes=\"(max-width: 600px) 100vw, 600px\" \/><\/p>\n<p style=\"text-align: center;\"><img decoding=\"async\" loading=\"lazy\" class=\" size-full wp-image-798\" src=\"http:\/\/tamazuladegordiano.gob.mx\/new\/wp-content\/uploads\/2019\/03\/artesanos-1.jpg\" alt=\"\" width=\"600\" height=\"400\" srcset=\"https:\/\/tamazuladegordiano.gob.mx\/new\/wp-content\/uploads\/2019\/03\/artesanos-1.jpg 600w, https:\/\/tamazuladegordiano.gob.mx\/new\/wp-content\/uploads\/2019\/03\/artesanos-1-300x200.jpg 300w\" sizes=\"(max-width: 600px) 100vw, 600px\" \/><\/p>\n","protected":false},"excerpt":{"rendered":"<p>Despu\u00e9s de 4 d\u00edas de actividades diversas entre ellas, art\u00edsticas y culturales, en la explanada del Centro Hist\u00f3rico de nuestra [&hellip;]<\/p>\n","protected":false},"author":1,"featured_media":796,"comment_status":"","ping_status":"","sticky":false,"template":"","format":"standard","meta":{"site-sidebar-layout":"default","site-content-layout":"","ast-site-content-layout":"default","site-content-style":"default","site-sidebar-style":"default","ast-global-header-display":"","ast-banner-title-visibility":"","ast-main-header-display":"","ast-hfb-above-header-display":"","ast-hfb-below-header-display":"","ast-hfb-mobile-header-display":"","site-post-title":"","ast-breadcrumbs-content":"","ast-featured-img":"","footer-sml-layout":"","ast-disable-related-posts":"","theme-transparent-header-meta":"","adv-header-id-meta":"","stick-header-meta":"","header-above-stick-meta":"","header-main-stick-meta":"","header-below-stick-meta":"","astra-migrate-meta-layouts":"default","ast-page-background-enabled":"default","ast-page-background-meta":{"desktop":{"background-color":"","background-image":"","background-repeat":"repeat","background-position":"center center","background-size":"auto","background-attachment":"scroll","background-type":"","background-media":"","overlay-type":"","overlay-color":"","overlay-opacity":"","overlay-gradient":""},"tablet":{"background-color":"","background-image":"","background-repeat":"repeat","background-position":"center center","background-size":"auto","background-attachment":"scroll","background-type":"","background-media":"","overlay-type":"","overlay-color":"","overlay-opacity":"","overlay-gradient":""},"mobile":{"background-color":"","background-image":"","background-repeat":"repeat","background-position":"center center","background-size":"auto","background-attachment":"scroll","background-type":"","background-media":"","overlay-type":"","overlay-color":"","overlay-opacity":"","overlay-gradient":""}},"ast-content-background-meta":{"desktop":{"background-color":"var(--ast-global-color-5)","background-image":"","background-repeat":"repeat","background-position":"center center","background-size":"auto","background-attachment":"scroll","background-type":"","background-media":"","overlay-type":"","overlay-color":"","overlay-opacity":"","overlay-gradient":""},"tablet":{"background-color":"var(--ast-global-color-5)","background-image":"","background-repeat":"repeat","background-position":"center center","background-size":"auto","background-attachment":"scroll","background-type":"","background-media":"","overlay-type":"","overlay-color":"","overlay-opacity":"","overlay-gradient":""},"mobile":{"background-color":"var(--ast-global-color-5)","background-image":"","background-repeat":"repeat","background-position":"center center","background-size":"auto","background-attachment":"scroll","background-type":"","background-media":"","overlay-type":"","overlay-color":"","overlay-opacity":"","overlay-gradient":""}}},"categories":[29],"tags":[],"_links":{"self":[{"href":"https:\/\/tamazuladegordiano.gob.mx\/new\/wp-json\/wp\/v2\/posts\/799"}],"collection":[{"href":"https:\/\/tamazuladegordiano.gob.mx\/new\/wp-json\/wp\/v2\/posts"}],"about":[{"href":"https:\/\/tamazuladegordiano.gob.mx\/new\/wp-json\/wp\/v2\/types\/post"}],"author":[{"embeddable":true,"href":"https:\/\/tamazuladegordiano.gob.mx\/new\/wp-json\/wp\/v2\/users\/1"}],"replies":[{"embeddable":true,"href":"https:\/\/tamazuladegordiano.gob.mx\/new\/wp-json\/wp\/v2\/comments?post=799"}],"version-history":[{"count":0,"href":"https:\/\/tamazuladegordiano.gob.mx\/new\/wp-json\/wp\/v2\/posts\/799\/revisions"}],"wp:featuredmedia":[{"embeddable":true,"href":"https:\/\/tamazuladegordiano.gob.mx\/new\/wp-json\/wp\/v2\/media\/796"}],"wp:attachment":[{"href":"https:\/\/tamazuladegordiano.gob.mx\/new\/wp-json\/wp\/v2\/media?parent=799"}],"wp:term":[{"taxonomy":"category","embeddable":true,"href":"https:\/\/tamazuladegordiano.gob.mx\/new\/wp-json\/wp\/v2\/categories?post=799"},{"taxonomy":"post_tag","embeddable":true,"href":"https:\/\/tamazuladegordiano.gob.mx\/new\/wp-json\/wp\/v2\/tags?post=799"}],"curies":[{"name":"wp","href":"https:\/\/api.w.org\/{rel}","templated":true}]}}