{"id":781,"date":"2019-03-11T20:54:03","date_gmt":"2019-03-11T20:54:03","guid":{"rendered":"https:\/\/tamazuladegordiano.gob.mx\/new\/noticias\/refundacion-jalisco\/"},"modified":"2019-03-11T20:54:03","modified_gmt":"2019-03-11T20:54:03","slug":"refundacion-jalisco","status":"publish","type":"post","link":"https:\/\/tamazuladegordiano.gob.mx\/new\/noticias\/refundacion-jalisco\/","title":{"rendered":"Refundaci\u00f3n Jalisco"},"content":{"rendered":"<p>La red pol\u00edticas p\u00fablicas de la Universidad de Guadalajara,\u00a0 puso en marcha el 5to. Coloquio de invierno, en el cual el tema principal es la \u2018\u2019Refundaci\u00f3n de Jalisco\u2019\u2019.<\/p>\n<p>Participando en el an\u00e1lisis y el debate sobre este proceso al que convoco el gobernador Enrique Alfaro Ram\u00edrez, estuvo presente este jueves el presidente municipal de Tamazula de Gordiano, Dr. Francisco Javier \u00c1lvarez Ch\u00e1vez; quien form\u00f3 parte del panel junto con Ismael del Toro Castro, Presidente Municipal de Guadalajara; Martha Elena de Anda Guti\u00e9rrez, Presidenta Municipal de Tepatitl\u00e1n; con el tema: Relaci\u00f3n entre Gobierno de Jalisco y los Gobiernos Municipales, en el Centro Universitario de Ciencias Econ\u00f3mico Administrativas (CUCEA) de la U de G.<\/p>\n<p style=\"text-align: center;\"><img decoding=\"async\" loading=\"lazy\" class=\" size-full wp-image-779\" src=\"http:\/\/tamazuladegordiano.gob.mx\/new\/wp-content\/uploads\/2019\/03\/refundacion-3.jpg\" alt=\"\" width=\"600\" height=\"400\" srcset=\"https:\/\/tamazuladegordiano.gob.mx\/new\/wp-content\/uploads\/2019\/03\/refundacion-3.jpg 600w, https:\/\/tamazuladegordiano.gob.mx\/new\/wp-content\/uploads\/2019\/03\/refundacion-3-300x200.jpg 300w\" sizes=\"(max-width: 600px) 100vw, 600px\" \/><\/p>\n<p>En su participaci\u00f3n el mandatario municipal se\u00f1al\u00f3:<\/p>\n<p>\u2018\u2019Nadie sobra y todos caben. En este proyecto de la Refundaci\u00f3n de Jalisco que hoy propone el Gobierno para todo el Estado. Entendido como eso, la unidad de todas las partes y funciones que conforman lo que es una entidad federativa y los cimientos constitucionales que la integran\u2019\u2019.\u00a0<\/p>\n<p>Y agreg\u00f3:\u00a0<\/p>\n<p>\u2018\u2019Ponemos nuestra esperanza para que a Tamazula, Guadalajara, Tepatitl\u00e1n y a todos los municipios de Jalisco nos vaya bien; concretando grandes proyectos de desarrollo como la conducci\u00f3n de agua de nuestras presas para el sistema de riego, las plantas tratadoras de agua, biodigestores, la extensi\u00f3n del Centro Universitario, rehabilitaci\u00f3n de nuestras carreteras y el m\u00f3dulo de maquinaria\u2019\u2019.<\/p>\n<p>Por su parte Luis F. Aguilar, director del Instituto de Investigaci\u00f3n en Pol\u00edticas P\u00fablicas adscrito al Centro Universitario de Ciencias Econ\u00f3mico Administrativas (CUCEA) , se\u00f1al\u00f3 que el pa\u00eds y el estado requiere de gobiernos que no sean administradores, sino estrategas y visionarios. Asegur\u00f3 que dentro de la refundaci\u00f3n de Jalisco se debe reconstruir la democracia, lo que conlleva mayor participaci\u00f3n de la sociedad.<\/p>\n<p>El coloquio se dividi\u00f3 en cinco paneles, los temas fueron: relaciones entre los poderes p\u00fablicos del estado, relaciones entre el gobierno jalisciense y gobiernos municipales, gobernanza metropolitana, relaciones entre gobierno del estado y la federaci\u00f3n, as\u00ed como relaci\u00f3n gobierno y sociedad.<\/p>\n<p style=\"text-align: center;\"><img decoding=\"async\" loading=\"lazy\" class=\" size-full wp-image-780\" src=\"http:\/\/tamazuladegordiano.gob.mx\/new\/wp-content\/uploads\/2019\/03\/refundacion-5.jpg\" alt=\"\" width=\"600\" height=\"400\" srcset=\"https:\/\/tamazuladegordiano.gob.mx\/new\/wp-content\/uploads\/2019\/03\/refundacion-5.jpg 600w, https:\/\/tamazuladegordiano.gob.mx\/new\/wp-content\/uploads\/2019\/03\/refundacion-5-300x200.jpg 300w\" sizes=\"(max-width: 600px) 100vw, 600px\" \/><\/p>\n<p>Dentro de los paneles se tuvo la participaci\u00f3n de algunos funcionarios p\u00fablicos, tal es el caso de los presidentes municipales de Guadalajara y el de Zapopan, as\u00ed como del Secretario General de Gobierno. Participar\u00e1n tambi\u00e9n, algunos actores privados, gubernamentales, as\u00ed como miembros del Instituto Tecnol\u00f3gico de Estudios Superiores de Occidente (ITESO) y el Colegio de Jalisco.<\/p>\n<p>\u00a0<\/p>\n","protected":false},"excerpt":{"rendered":"<p>La red pol\u00edticas p\u00fablicas de la Universidad de Guadalajara,\u00a0 puso en marcha el 5to. Coloquio de invierno, en el cual [&hellip;]<\/p>\n","protected":false},"author":1,"featured_media":779,"comment_status":"","ping_status":"","sticky":false,"template":"","format":"standard","meta":{"site-sidebar-layout":"default","site-content-layout":"","ast-site-content-layout":"default","site-content-style":"default","site-sidebar-style":"default","ast-global-header-display":"","ast-banner-title-visibility":"","ast-main-header-display":"","ast-hfb-above-header-display":"","ast-hfb-below-header-display":"","ast-hfb-mobile-header-display":"","site-post-title":"","ast-breadcrumbs-content":"","ast-featured-img":"","footer-sml-layout":"","ast-disable-related-posts":"","theme-transparent-header-meta":"","adv-header-id-meta":"","stick-header-meta":"","header-above-stick-meta":"","header-main-stick-meta":"","header-below-stick-meta":"","astra-migrate-meta-layouts":"default","ast-page-background-enabled":"default","ast-page-background-meta":{"desktop":{"background-color":"","background-image":"","background-repeat":"repeat","background-position":"center center","background-size":"auto","background-attachment":"scroll","background-type":"","background-media":"","overlay-type":"","overlay-color":"","overlay-opacity":"","overlay-gradient":""},"tablet":{"background-color":"","background-image":"","background-repeat":"repeat","background-position":"center center","background-size":"auto","background-attachment":"scroll","background-type":"","background-media":"","overlay-type":"","overlay-color":"","overlay-opacity":"","overlay-gradient":""},"mobile":{"background-color":"","background-image":"","background-repeat":"repeat","background-position":"center center","background-size":"auto","background-attachment":"scroll","background-type":"","background-media":"","overlay-type":"","overlay-color":"","overlay-opacity":"","overlay-gradient":""}},"ast-content-background-meta":{"desktop":{"background-color":"var(--ast-global-color-5)","background-image":"","background-repeat":"repeat","background-position":"center center","background-size":"auto","background-attachment":"scroll","background-type":"","background-media":"","overlay-type":"","overlay-color":"","overlay-opacity":"","overlay-gradient":""},"tablet":{"background-color":"var(--ast-global-color-5)","background-image":"","background-repeat":"repeat","background-position":"center center","background-size":"auto","background-attachment":"scroll","background-type":"","background-media":"","overlay-type":"","overlay-color":"","overlay-opacity":"","overlay-gradient":""},"mobile":{"background-color":"var(--ast-global-color-5)","background-image":"","background-repeat":"repeat","background-position":"center center","background-size":"auto","background-attachment":"scroll","background-type":"","background-media":"","overlay-type":"","overlay-color":"","overlay-opacity":"","overlay-gradient":""}}},"categories":[29],"tags":[],"_links":{"self":[{"href":"https:\/\/tamazuladegordiano.gob.mx\/new\/wp-json\/wp\/v2\/posts\/781"}],"collection":[{"href":"https:\/\/tamazuladegordiano.gob.mx\/new\/wp-json\/wp\/v2\/posts"}],"about":[{"href":"https:\/\/tamazuladegordiano.gob.mx\/new\/wp-json\/wp\/v2\/types\/post"}],"author":[{"embeddable":true,"href":"https:\/\/tamazuladegordiano.gob.mx\/new\/wp-json\/wp\/v2\/users\/1"}],"replies":[{"embeddable":true,"href":"https:\/\/tamazuladegordiano.gob.mx\/new\/wp-json\/wp\/v2\/comments?post=781"}],"version-history":[{"count":0,"href":"https:\/\/tamazuladegordiano.gob.mx\/new\/wp-json\/wp\/v2\/posts\/781\/revisions"}],"wp:featuredmedia":[{"embeddable":true,"href":"https:\/\/tamazuladegordiano.gob.mx\/new\/wp-json\/wp\/v2\/media\/779"}],"wp:attachment":[{"href":"https:\/\/tamazuladegordiano.gob.mx\/new\/wp-json\/wp\/v2\/media?parent=781"}],"wp:term":[{"taxonomy":"category","embeddable":true,"href":"https:\/\/tamazuladegordiano.gob.mx\/new\/wp-json\/wp\/v2\/categories?post=781"},{"taxonomy":"post_tag","embeddable":true,"href":"https:\/\/tamazuladegordiano.gob.mx\/new\/wp-json\/wp\/v2\/tags?post=781"}],"curies":[{"name":"wp","href":"https:\/\/api.w.org\/{rel}","templated":true}]}}