{"id":774,"date":"2019-03-11T20:42:00","date_gmt":"2019-03-11T20:42:00","guid":{"rendered":"https:\/\/tamazuladegordiano.gob.mx\/new\/noticias\/dia-del-jornalero-migrante\/"},"modified":"2019-03-11T20:42:00","modified_gmt":"2019-03-11T20:42:00","slug":"dia-del-jornalero-migrante","status":"publish","type":"post","link":"https:\/\/tamazuladegordiano.gob.mx\/new\/noticias\/dia-del-jornalero-migrante\/","title":{"rendered":"D\u00eda del Jornalero Migrante"},"content":{"rendered":"<p>En la Explanada del Centro Hist\u00f3rico, de nuestra ciudad se llev\u00f3 a cabo un colorido y alegre evento art\u00edstico cultural, en un ambiente familiar lleno de sabor cultura y tradici\u00f3n con diversos n\u00fameros art\u00edsticos preparado por los alumnos de cada uno de los albergues, en el que tambi\u00e9n particip\u00f3 el Ballet Folkl\u00f3rico de la Caja Popular Tamazula.<\/p>\n<p>El motivo: la celebraci\u00f3n del \u2018\u2019D\u00eda Estatal del Jornalero Migrante\u2019\u2019 el cual se festeja desde hace 19 a\u00f1os coordinadamente con instituciones, asociaciones y empresas como el Conalep, PEIONIM, DIF municipal, Gobierno municipal, IMSS, C.N.C., y C.N.P.R., Ingenio Tamazula, Secretaria de Salud, CAPA Tamazula y educaci\u00f3n inicial no escolarizada.<\/p>\n<p style=\"text-align: center;\"><img decoding=\"async\" loading=\"lazy\" class=\" size-full wp-image-772\" src=\"http:\/\/tamazuladegordiano.gob.mx\/new\/wp-content\/uploads\/2019\/03\/dia-del-jornalero-migrante-1.jpg\" alt=\"\" width=\"600\" height=\"400\" srcset=\"https:\/\/tamazuladegordiano.gob.mx\/new\/wp-content\/uploads\/2019\/03\/dia-del-jornalero-migrante-1.jpg 600w, https:\/\/tamazuladegordiano.gob.mx\/new\/wp-content\/uploads\/2019\/03\/dia-del-jornalero-migrante-1-300x200.jpg 300w\" sizes=\"(max-width: 600px) 100vw, 600px\" \/><\/p>\n<p>Todos ellos participando por el bienestar de las familias procedentes de los Estados de Guerrero, Morelos, Veracruz, Chiapas, Colima, Puebla, Hidalgo principalmente, y que a\u00f1o con a\u00f1o habitan en el municipio en los albergues de Soyatlan, exhacienda y Arrollo Hondo durante el periodo de la Zafra ca\u00f1era.<\/p>\n<p>En el evento estuvo presente el Presidente Municipal Dr. Francisco Javier \u00c1lvarez Ch\u00e1vez, acompa\u00f1ado de su esposa la Dra. Sandra Cristina Padilla Zamora, Presidenta del DIF Tamazula, los Regidores Lic. Perla del Roc\u00edo diez Zarco, Lic. Alondra Romero Cervantes, Tec. L\u00e1zaro Arias Mart\u00ednez, as\u00ed como del Dr. Sergio Torres Far\u00edas, Director de la Regi\u00f3n Sanitaria 05, Ing. Mario I\u00f1iguez Reyes, Presidente de la Asociaci\u00f3n de Ca\u00f1eros de la C.N.P.R. de Ingenio Tamazula, Ing. Jos\u00e9 Antonio Ram\u00edrez Amezcua, Presidente de la Uni\u00f3n Local de Productores de Ca\u00f1a de Az\u00facar C.N.C. de Ingenio Tamazula y el Mtro. Ernesto Mart\u00ednez S\u00e1nchez, Director del Conalep Jos\u00e9 Mar\u00eda Mart\u00ednez.<\/p>\n<p style=\"text-align: center;\"><img decoding=\"async\" loading=\"lazy\" class=\" size-full wp-image-773\" src=\"http:\/\/tamazuladegordiano.gob.mx\/new\/wp-content\/uploads\/2019\/03\/dia-del-jornalero-migrante-2.jpg\" alt=\"\" width=\"600\" height=\"400\" srcset=\"https:\/\/tamazuladegordiano.gob.mx\/new\/wp-content\/uploads\/2019\/03\/dia-del-jornalero-migrante-2.jpg 600w, https:\/\/tamazuladegordiano.gob.mx\/new\/wp-content\/uploads\/2019\/03\/dia-del-jornalero-migrante-2-300x200.jpg 300w\" sizes=\"(max-width: 600px) 100vw, 600px\" \/><\/p>\n<hr \/>\n<p style=\"text-align: center;\">\u00a0<\/p>\n<p>\u00a0<\/p>\n","protected":false},"excerpt":{"rendered":"<p>En la Explanada del Centro Hist\u00f3rico, de nuestra ciudad se llev\u00f3 a cabo un colorido y alegre evento art\u00edstico cultural, [&hellip;]<\/p>\n","protected":false},"author":1,"featured_media":772,"comment_status":"","ping_status":"","sticky":false,"template":"","format":"standard","meta":{"site-sidebar-layout":"default","site-content-layout":"","ast-site-content-layout":"default","site-content-style":"default","site-sidebar-style":"default","ast-global-header-display":"","ast-banner-title-visibility":"","ast-main-header-display":"","ast-hfb-above-header-display":"","ast-hfb-below-header-display":"","ast-hfb-mobile-header-display":"","site-post-title":"","ast-breadcrumbs-content":"","ast-featured-img":"","footer-sml-layout":"","ast-disable-related-posts":"","theme-transparent-header-meta":"","adv-header-id-meta":"","stick-header-meta":"","header-above-stick-meta":"","header-main-stick-meta":"","header-below-stick-meta":"","astra-migrate-meta-layouts":"default","ast-page-background-enabled":"default","ast-page-background-meta":{"desktop":{"background-color":"","background-image":"","background-repeat":"repeat","background-position":"center center","background-size":"auto","background-attachment":"scroll","background-type":"","background-media":"","overlay-type":"","overlay-color":"","overlay-opacity":"","overlay-gradient":""},"tablet":{"background-color":"","background-image":"","background-repeat":"repeat","background-position":"center center","background-size":"auto","background-attachment":"scroll","background-type":"","background-media":"","overlay-type":"","overlay-color":"","overlay-opacity":"","overlay-gradient":""},"mobile":{"background-color":"","background-image":"","background-repeat":"repeat","background-position":"center center","background-size":"auto","background-attachment":"scroll","background-type":"","background-media":"","overlay-type":"","overlay-color":"","overlay-opacity":"","overlay-gradient":""}},"ast-content-background-meta":{"desktop":{"background-color":"var(--ast-global-color-5)","background-image":"","background-repeat":"repeat","background-position":"center center","background-size":"auto","background-attachment":"scroll","background-type":"","background-media":"","overlay-type":"","overlay-color":"","overlay-opacity":"","overlay-gradient":""},"tablet":{"background-color":"var(--ast-global-color-5)","background-image":"","background-repeat":"repeat","background-position":"center center","background-size":"auto","background-attachment":"scroll","background-type":"","background-media":"","overlay-type":"","overlay-color":"","overlay-opacity":"","overlay-gradient":""},"mobile":{"background-color":"var(--ast-global-color-5)","background-image":"","background-repeat":"repeat","background-position":"center center","background-size":"auto","background-attachment":"scroll","background-type":"","background-media":"","overlay-type":"","overlay-color":"","overlay-opacity":"","overlay-gradient":""}}},"categories":[29],"tags":[],"_links":{"self":[{"href":"https:\/\/tamazuladegordiano.gob.mx\/new\/wp-json\/wp\/v2\/posts\/774"}],"collection":[{"href":"https:\/\/tamazuladegordiano.gob.mx\/new\/wp-json\/wp\/v2\/posts"}],"about":[{"href":"https:\/\/tamazuladegordiano.gob.mx\/new\/wp-json\/wp\/v2\/types\/post"}],"author":[{"embeddable":true,"href":"https:\/\/tamazuladegordiano.gob.mx\/new\/wp-json\/wp\/v2\/users\/1"}],"replies":[{"embeddable":true,"href":"https:\/\/tamazuladegordiano.gob.mx\/new\/wp-json\/wp\/v2\/comments?post=774"}],"version-history":[{"count":0,"href":"https:\/\/tamazuladegordiano.gob.mx\/new\/wp-json\/wp\/v2\/posts\/774\/revisions"}],"wp:featuredmedia":[{"embeddable":true,"href":"https:\/\/tamazuladegordiano.gob.mx\/new\/wp-json\/wp\/v2\/media\/772"}],"wp:attachment":[{"href":"https:\/\/tamazuladegordiano.gob.mx\/new\/wp-json\/wp\/v2\/media?parent=774"}],"wp:term":[{"taxonomy":"category","embeddable":true,"href":"https:\/\/tamazuladegordiano.gob.mx\/new\/wp-json\/wp\/v2\/categories?post=774"},{"taxonomy":"post_tag","embeddable":true,"href":"https:\/\/tamazuladegordiano.gob.mx\/new\/wp-json\/wp\/v2\/tags?post=774"}],"curies":[{"name":"wp","href":"https:\/\/api.w.org\/{rel}","templated":true}]}}