{"id":1837,"date":"2023-01-04T13:03:34","date_gmt":"2023-01-04T13:03:34","guid":{"rendered":"https:\/\/tamazuladegordiano.gob.mx\/new\/noticias\/entrega-de-16-apoyos-asistenciales-a-personas-adultas-mayores-y-grupos-vulnerables\/"},"modified":"2023-01-27T11:39:57","modified_gmt":"2023-01-27T17:39:57","slug":"entrega-de-16-apoyos-asistenciales-a-personas-adultas-mayores-y-grupos-vulnerables","status":"publish","type":"post","link":"https:\/\/tamazuladegordiano.gob.mx\/new\/notas\/entrega-de-16-apoyos-asistenciales-a-personas-adultas-mayores-y-grupos-vulnerables\/","title":{"rendered":"Entrega de 16 apoyos asistenciales a personas adultas mayores y grupos vulnerables."},"content":{"rendered":"<div class=\"x11i5rnm xat24cr x1mh8g0r x1vvkbs xdj266r x126k92a\">\n<div dir=\"auto\" style=\"text-align: right;\"><em>Tamazula de Gordiano. Jalisco a 04 de enero del 2023<\/em><\/div>\n<div dir=\"auto\" style=\"text-align: left;\">\u00a0<\/div>\n<div dir=\"auto\" style=\"text-align: left;\">En Tamazula luchamos para que nuestros adultos mayores tengan una mejor calidad de vida.<\/div>\n<div dir=\"auto\" style=\"text-align: left;\">\u00a0<\/div>\n<\/div>\n<div class=\"x11i5rnm xat24cr x1mh8g0r x1vvkbs xtlvy1s x126k92a\">\n<div dir=\"auto\">Est\u00e1 ma\u00f1ana en las instalaciones del <a class=\"x1i10hfl xjbqb8w x6umtig x1b1mbwd xaqea5y xav7gou x9f619 x1ypdohk xt0psk2 xe8uvvx xdj266r x11i5rnm xat24cr x1mh8g0r xexx8yu x4uap5 x18d9i69 xkhd6sd x16tdsg8 x1hl2dhg xggy1nq x1a2a7pz xt0b8zv x1qq9wsj xo1l8bm\" tabindex=\"0\" href=\"https:\/\/web.facebook.com\/profile.php?id=100076375685984&amp;__cft__[0]=AZWs1t-pfZfGxFSo4kj-emrosnrm0WFL0pDT-XTQ-4Y15hTSqUPZxuhlPjBlL5L4FSmiLrYLN5ZMBHQ8AKrALVgNQJSaHI8Gy1knWwSgw2KeyWJ2XPPZa2ZPHVkxeqSfT-y2eFUqN__2YjAcSxpkFtCuMUedkuDNxZaZJEUJdxvH9eNsLcgfrNzyb7i6XutyqlY&amp;__tn__=-]K-R\"><span class=\"xt0psk2\">DIF Tamazula<\/span><\/a> se entregaron 16 apoyos del programa \u2018\u2018Proyecto 38\/2022\u2019\u2019.<\/div>\n<div dir=\"auto\">\n<div class=\"x11i5rnm xat24cr x1mh8g0r x1vvkbs xtlvy1s x126k92a\">\n<div dir=\"auto\">\u00a0<\/div>\n<div dir=\"auto\">En este importante evento estuvo presente el presidente municipal de Tamazula, Ing. Ra\u00fal Everardo Guti\u00e9rrez Casta\u00f1eda, acompa\u00f1ado de la Directora del DIF, Mar\u00eda Elena L\u00f3pez Hern\u00e1ndez y de la regidora de Asistencia Social y representante del Patronato DIF, Sra. Lupita Mungu\u00eda Garc\u00eda, la Lic. Diana Guadalupe Mac\u00edas D\u00edaz, Trabajadora Social y enlace del Sistema DIF Jalisco as\u00ed como de los regidores, Julieta Torres Barbosa, Leticia L\u00f3pez Hern\u00e1ndez y Abel Tejeda Navarro.<\/div>\n<\/div>\n<div class=\"x11i5rnm xat24cr x1mh8g0r x1vvkbs xtlvy1s x126k92a\">\n<div dir=\"auto\">\u00a0<\/div>\n<div dir=\"auto\">La inversi\u00f3n del programa estatal fue en esta ocasi\u00f3n de $23,842.35 pesos.<\/div>\n<\/div>\n<\/div>\n<div dir=\"auto\">\u00a0<\/div>\n<div dir=\"auto\"><img decoding=\"async\" loading=\"lazy\" src=\"https:\/\/scontent.fmex13-1.fna.fbcdn.net\/v\/t39.30808-6\/323276122_541682351331048_7107585314918040586_n.jpg?_nc_cat=100&amp;ccb=1-7&amp;_nc_sid=8bfeb9&amp;_nc_eui2=AeG9PaDTCG43hFdd4U4Kc11XU-88nQWnulZT7zydBae6VrGt4ZXzbuWIF3WARnxENwquFgx3q04XID36-wyo4Hg6&amp;_nc_ohc=2HrRfZXnmo4AX8jVLUd&amp;tn=ldNK6okMUX21t6hT&amp;_nc_zt=23&amp;_nc_ht=scontent.fmex13-1.fna&amp;oh=00_AfBHuHZAo8LN1_jRy90KjnQveMbsGthn1Ff71oXQ4Z6ZNg&amp;oe=63C7633B\" alt=\"\" width=\"960\" height=\"640\" \/><\/div>\n<div dir=\"auto\">\u00a0<\/div>\n<p><img decoding=\"async\" loading=\"lazy\" src=\"https:\/\/scontent.fmex13-1.fna.fbcdn.net\/v\/t39.30808-6\/324242254_571220621107355_3987598689112794167_n.jpg?_nc_cat=110&amp;ccb=1-7&amp;_nc_sid=8bfeb9&amp;_nc_eui2=AeHGOUh40NGFdIwjbOaf3W1CqrytSXBhxgmqvK1JcGHGCZYJxXmeihwu-cjqv42nqhzG42OuDAuz0N5eJjDt21aM&amp;_nc_ohc=fm9vgVGn1gkAX-maUKO&amp;_nc_zt=23&amp;_nc_ht=scontent.fmex13-1.fna&amp;oh=00_AfBoFZp6zJOc48Kd3gE40ERHpgbUZzpjzm6fi4TyynrR1w&amp;oe=63C5F64C\" alt=\"\" width=\"960\" height=\"640\" \/><\/p>\n<div dir=\"auto\">\u00a0<\/div>\n<div dir=\"auto\">\u00a0<\/div>\n<div dir=\"auto\">\u00a0<\/div>\n<div dir=\"auto\">\u00a0<\/div>\n<div dir=\"auto\">\u00a0<\/div>\n<\/div>\n","protected":false},"excerpt":{"rendered":"<p>Tamazula de Gordiano. Jalisco a 04 de enero del 2023 \u00a0 En Tamazula luchamos para que nuestros adultos mayores tengan [&hellip;]<\/p>\n","protected":false},"author":1,"featured_media":0,"comment_status":"closed","ping_status":"","sticky":false,"template":"","format":"standard","meta":{"site-sidebar-layout":"default","site-content-layout":"","ast-site-content-layout":"default","site-content-style":"default","site-sidebar-style":"default","ast-global-header-display":"","ast-banner-title-visibility":"","ast-main-header-display":"","ast-hfb-above-header-display":"","ast-hfb-below-header-display":"","ast-hfb-mobile-header-display":"","site-post-title":"","ast-breadcrumbs-content":"","ast-featured-img":"","footer-sml-layout":"","ast-disable-related-posts":"","theme-transparent-header-meta":"","adv-header-id-meta":"","stick-header-meta":"","header-above-stick-meta":"","header-main-stick-meta":"","header-below-stick-meta":"","astra-migrate-meta-layouts":"default","ast-page-background-enabled":"default","ast-page-background-meta":{"desktop":{"background-color":"","background-image":"","background-repeat":"repeat","background-position":"center center","background-size":"auto","background-attachment":"scroll","background-type":"","background-media":"","overlay-type":"","overlay-color":"","overlay-opacity":"","overlay-gradient":""},"tablet":{"background-color":"","background-image":"","background-repeat":"repeat","background-position":"center center","background-size":"auto","background-attachment":"scroll","background-type":"","background-media":"","overlay-type":"","overlay-color":"","overlay-opacity":"","overlay-gradient":""},"mobile":{"background-color":"","background-image":"","background-repeat":"repeat","background-position":"center center","background-size":"auto","background-attachment":"scroll","background-type":"","background-media":"","overlay-type":"","overlay-color":"","overlay-opacity":"","overlay-gradient":""}},"ast-content-background-meta":{"desktop":{"background-color":"var(--ast-global-color-5)","background-image":"","background-repeat":"repeat","background-position":"center center","background-size":"auto","background-attachment":"scroll","background-type":"","background-media":"","overlay-type":"","overlay-color":"","overlay-opacity":"","overlay-gradient":""},"tablet":{"background-color":"var(--ast-global-color-5)","background-image":"","background-repeat":"repeat","background-position":"center center","background-size":"auto","background-attachment":"scroll","background-type":"","background-media":"","overlay-type":"","overlay-color":"","overlay-opacity":"","overlay-gradient":""},"mobile":{"background-color":"var(--ast-global-color-5)","background-image":"","background-repeat":"repeat","background-position":"center center","background-size":"auto","background-attachment":"scroll","background-type":"","background-media":"","overlay-type":"","overlay-color":"","overlay-opacity":"","overlay-gradient":""}}},"categories":[77],"tags":[],"_links":{"self":[{"href":"https:\/\/tamazuladegordiano.gob.mx\/new\/wp-json\/wp\/v2\/posts\/1837"}],"collection":[{"href":"https:\/\/tamazuladegordiano.gob.mx\/new\/wp-json\/wp\/v2\/posts"}],"about":[{"href":"https:\/\/tamazuladegordiano.gob.mx\/new\/wp-json\/wp\/v2\/types\/post"}],"author":[{"embeddable":true,"href":"https:\/\/tamazuladegordiano.gob.mx\/new\/wp-json\/wp\/v2\/users\/1"}],"replies":[{"embeddable":true,"href":"https:\/\/tamazuladegordiano.gob.mx\/new\/wp-json\/wp\/v2\/comments?post=1837"}],"version-history":[{"count":1,"href":"https:\/\/tamazuladegordiano.gob.mx\/new\/wp-json\/wp\/v2\/posts\/1837\/revisions"}],"predecessor-version":[{"id":2561,"href":"https:\/\/tamazuladegordiano.gob.mx\/new\/wp-json\/wp\/v2\/posts\/1837\/revisions\/2561"}],"wp:attachment":[{"href":"https:\/\/tamazuladegordiano.gob.mx\/new\/wp-json\/wp\/v2\/media?parent=1837"}],"wp:term":[{"taxonomy":"category","embeddable":true,"href":"https:\/\/tamazuladegordiano.gob.mx\/new\/wp-json\/wp\/v2\/categories?post=1837"},{"taxonomy":"post_tag","embeddable":true,"href":"https:\/\/tamazuladegordiano.gob.mx\/new\/wp-json\/wp\/v2\/tags?post=1837"}],"curies":[{"name":"wp","href":"https:\/\/api.w.org\/{rel}","templated":true}]}}