{"id":1832,"date":"2022-12-15T20:14:45","date_gmt":"2022-12-15T20:14:45","guid":{"rendered":"https:\/\/tamazuladegordiano.gob.mx\/new\/noticias\/seguimos-trabajando-por-la-inclusion-de-todas-y-todos\/"},"modified":"2023-01-27T11:39:57","modified_gmt":"2023-01-27T17:39:57","slug":"seguimos-trabajando-por-la-inclusion-de-todas-y-todos","status":"publish","type":"post","link":"https:\/\/tamazuladegordiano.gob.mx\/new\/notas\/seguimos-trabajando-por-la-inclusion-de-todas-y-todos\/","title":{"rendered":"Seguimos trabajando por la inclusi\u00f3n de todas y todos"},"content":{"rendered":"<p class=\"tm7\"><span class=\"tm8\">Desde el Gobierno, seguimos trabajando por la inclusi\u00f3n de todas y todos, por eso, a trav\u00e9s de la Direcci\u00f3n del Centro Cultural de la Salud, logramos traer al municipio el programa de Certificaci\u00f3n de Discapacidad. <\/span><\/p>\n<p class=\"tm7\" style=\"text-align: center;\"><span class=\"tm8\">\u00a0<img decoding=\"async\" loading=\"lazy\" class=\" size-full wp-image-1831\" src=\"http:\/\/tamazuladegordiano.gob.mx\/new\/wp-content\/uploads\/2022\/12\/certificado_discapacidad1_3.jpg\" alt=\"\" width=\"872\" height=\"491\" srcset=\"https:\/\/tamazuladegordiano.gob.mx\/new\/wp-content\/uploads\/2022\/12\/certificado_discapacidad1_3.jpg 1920w, https:\/\/tamazuladegordiano.gob.mx\/new\/wp-content\/uploads\/2022\/12\/certificado_discapacidad1_3-600x338.jpg 600w, https:\/\/tamazuladegordiano.gob.mx\/new\/wp-content\/uploads\/2022\/12\/certificado_discapacidad1_3-300x169.jpg 300w, https:\/\/tamazuladegordiano.gob.mx\/new\/wp-content\/uploads\/2022\/12\/certificado_discapacidad1_3-1024x576.jpg 1024w, https:\/\/tamazuladegordiano.gob.mx\/new\/wp-content\/uploads\/2022\/12\/certificado_discapacidad1_3-768x432.jpg 768w, https:\/\/tamazuladegordiano.gob.mx\/new\/wp-content\/uploads\/2022\/12\/certificado_discapacidad1_3-1536x864.jpg 1536w\" sizes=\"(max-width: 872px) 100vw, 872px\" \/><\/span><\/p>\n<p class=\"tm7\"><span class=\"tm8\">El pasado 09 de diciembre nos visit\u00f3 el Dr. Heriberto D\u00e1vila, quien evalu\u00f3 a los asistentes, previamente citados, diagnosticando cinco diferentes discapacidades: Neuro<a id=\"aGoBack\"><\/a> m\u00fasculo esquel\u00e9tico, Visual, Auditiva, Psicosocial e Intelectual, pudiendo otorgar 21 certificados de discapacidad, este documento tiene validez oficial y con el podr\u00e1n acceder a programas estatales, federales y descuentos.<\/span><\/p>\n<p class=\"Normal\">\u00a0<\/p>\n<p>\u00a0<\/p>\n<hr \/>\n<p>\u00a0<\/p>\n","protected":false},"excerpt":{"rendered":"<p>Desde el Gobierno, seguimos trabajando por la inclusi\u00f3n de todas y todos, por eso, a trav\u00e9s de la Direcci\u00f3n del [&hellip;]<\/p>\n","protected":false},"author":1,"featured_media":1831,"comment_status":"closed","ping_status":"","sticky":false,"template":"","format":"standard","meta":{"site-sidebar-layout":"default","site-content-layout":"","ast-site-content-layout":"default","site-content-style":"default","site-sidebar-style":"default","ast-global-header-display":"","ast-banner-title-visibility":"","ast-main-header-display":"","ast-hfb-above-header-display":"","ast-hfb-below-header-display":"","ast-hfb-mobile-header-display":"","site-post-title":"","ast-breadcrumbs-content":"","ast-featured-img":"","footer-sml-layout":"","ast-disable-related-posts":"","theme-transparent-header-meta":"","adv-header-id-meta":"","stick-header-meta":"","header-above-stick-meta":"","header-main-stick-meta":"","header-below-stick-meta":"","astra-migrate-meta-layouts":"default","ast-page-background-enabled":"default","ast-page-background-meta":{"desktop":{"background-color":"","background-image":"","background-repeat":"repeat","background-position":"center center","background-size":"auto","background-attachment":"scroll","background-type":"","background-media":"","overlay-type":"","overlay-color":"","overlay-opacity":"","overlay-gradient":""},"tablet":{"background-color":"","background-image":"","background-repeat":"repeat","background-position":"center center","background-size":"auto","background-attachment":"scroll","background-type":"","background-media":"","overlay-type":"","overlay-color":"","overlay-opacity":"","overlay-gradient":""},"mobile":{"background-color":"","background-image":"","background-repeat":"repeat","background-position":"center center","background-size":"auto","background-attachment":"scroll","background-type":"","background-media":"","overlay-type":"","overlay-color":"","overlay-opacity":"","overlay-gradient":""}},"ast-content-background-meta":{"desktop":{"background-color":"var(--ast-global-color-5)","background-image":"","background-repeat":"repeat","background-position":"center center","background-size":"auto","background-attachment":"scroll","background-type":"","background-media":"","overlay-type":"","overlay-color":"","overlay-opacity":"","overlay-gradient":""},"tablet":{"background-color":"var(--ast-global-color-5)","background-image":"","background-repeat":"repeat","background-position":"center center","background-size":"auto","background-attachment":"scroll","background-type":"","background-media":"","overlay-type":"","overlay-color":"","overlay-opacity":"","overlay-gradient":""},"mobile":{"background-color":"var(--ast-global-color-5)","background-image":"","background-repeat":"repeat","background-position":"center center","background-size":"auto","background-attachment":"scroll","background-type":"","background-media":"","overlay-type":"","overlay-color":"","overlay-opacity":"","overlay-gradient":""}}},"categories":[77],"tags":[],"_links":{"self":[{"href":"https:\/\/tamazuladegordiano.gob.mx\/new\/wp-json\/wp\/v2\/posts\/1832"}],"collection":[{"href":"https:\/\/tamazuladegordiano.gob.mx\/new\/wp-json\/wp\/v2\/posts"}],"about":[{"href":"https:\/\/tamazuladegordiano.gob.mx\/new\/wp-json\/wp\/v2\/types\/post"}],"author":[{"embeddable":true,"href":"https:\/\/tamazuladegordiano.gob.mx\/new\/wp-json\/wp\/v2\/users\/1"}],"replies":[{"embeddable":true,"href":"https:\/\/tamazuladegordiano.gob.mx\/new\/wp-json\/wp\/v2\/comments?post=1832"}],"version-history":[{"count":1,"href":"https:\/\/tamazuladegordiano.gob.mx\/new\/wp-json\/wp\/v2\/posts\/1832\/revisions"}],"predecessor-version":[{"id":2562,"href":"https:\/\/tamazuladegordiano.gob.mx\/new\/wp-json\/wp\/v2\/posts\/1832\/revisions\/2562"}],"wp:featuredmedia":[{"embeddable":true,"href":"https:\/\/tamazuladegordiano.gob.mx\/new\/wp-json\/wp\/v2\/media\/1831"}],"wp:attachment":[{"href":"https:\/\/tamazuladegordiano.gob.mx\/new\/wp-json\/wp\/v2\/media?parent=1832"}],"wp:term":[{"taxonomy":"category","embeddable":true,"href":"https:\/\/tamazuladegordiano.gob.mx\/new\/wp-json\/wp\/v2\/categories?post=1832"},{"taxonomy":"post_tag","embeddable":true,"href":"https:\/\/tamazuladegordiano.gob.mx\/new\/wp-json\/wp\/v2\/tags?post=1832"}],"curies":[{"name":"wp","href":"https:\/\/api.w.org\/{rel}","templated":true}]}}