{"id":1804,"date":"2022-09-27T17:41:36","date_gmt":"2022-09-27T17:41:36","guid":{"rendered":"https:\/\/tamazuladegordiano.gob.mx\/new\/noticias\/grito-de-independencia-2022\/"},"modified":"2023-01-27T11:39:58","modified_gmt":"2023-01-27T17:39:58","slug":"grito-de-independencia-2022","status":"publish","type":"post","link":"https:\/\/tamazuladegordiano.gob.mx\/new\/notas\/grito-de-independencia-2022\/","title":{"rendered":"Grito de Independencia 2022"},"content":{"rendered":"<p>\u00a0<\/p>\n<p class=\"tm7\"><span class=\"tm8\">La noche del 15 de septiembre, el Centro Hist\u00f3rico de Tamazula se visti\u00f3 de eventos culturales y emoci\u00f3n por realizar la ceremonia del Grito de Independencia en conmemoraci\u00f3n al 212 Aniversario de que M\u00e9xico se convirtiera en un pa\u00eds libre y soberano por parte del Gobierno Municipal. Evento esperado por parte de todos los Tamazulenses tras dos a\u00f1os pausados por el Covid-19.<\/span><\/p>\n<p class=\"tm7\"><span class=\"tm8\"><img decoding=\"async\" loading=\"lazy\" class=\" size-full wp-image-1802\" style=\"display: block; margin-left: auto; margin-right: auto;\" src=\"http:\/\/tamazuladegordiano.gob.mx\/new\/wp-content\/uploads\/2022\/09\/grito-5.JPG\" alt=\"\" width=\"1054\" height=\"593\" srcset=\"https:\/\/tamazuladegordiano.gob.mx\/new\/wp-content\/uploads\/2022\/09\/grito-5.JPG 1920w, https:\/\/tamazuladegordiano.gob.mx\/new\/wp-content\/uploads\/2022\/09\/grito-5-600x338.jpg 600w, https:\/\/tamazuladegordiano.gob.mx\/new\/wp-content\/uploads\/2022\/09\/grito-5-300x169.jpg 300w, https:\/\/tamazuladegordiano.gob.mx\/new\/wp-content\/uploads\/2022\/09\/grito-5-1024x576.jpg 1024w, https:\/\/tamazuladegordiano.gob.mx\/new\/wp-content\/uploads\/2022\/09\/grito-5-768x432.jpg 768w, https:\/\/tamazuladegordiano.gob.mx\/new\/wp-content\/uploads\/2022\/09\/grito-5-1536x864.jpg 1536w\" sizes=\"(max-width: 1054px) 100vw, 1054px\" \/><\/span><\/p>\n<p class=\"tm7\"><span class=\"tm8\">Para iniciar con la ceremonia, la Banda de Guerra del Secci\u00f3n 80 arrib\u00f3 a la explanada del Centro Hist\u00f3rico, abriendo el paso para la Escolta de Seguridad Publica y el cortejo del H. Ayuntamiento, debidamente estructurado por el Presidente Municipal Ing. Ra\u00fal Everardo Guti\u00e9rrez Casta\u00f1eda, asistido por la Sra. Rosalba Casta\u00f1eda Valencia, Presidenta del Sistema Dif Tamazula, Secretario General, Cuerpo Edilicio, Embajadora Adulto Mayor 2022, Reina de la Feria Tamazula 2020 y directores, directoras, Jefes de \u00e1rea del Gobierno Municipal. <\/span><\/p>\n<p class=\"tm7\"><span class=\"tm8\">Cortejo que se dirigi\u00f3 al Kiosko Municipal para realizar la Guardia de Honor y firma al libro de Pensamientos a la Patria por cada uno de los integrantes. El Ing. Ra\u00fal Everardo Guti\u00e9rrez Casta\u00f1eda hizo tocar la campa\u00f1a como lo hiciere Miguel Hidalgo y Costilla en el a\u00f1o 1810 cuando convoc\u00f3 al pueblo mexicano para levantarse en armas, despu\u00e9s, procedi\u00f3 con la entrega de la Bandera tricolor a la Escolta de Seguridad P\u00fablica para realizar los Honores a la Bandera.<\/span><\/p>\n<p class=\"tm7\">\u00a0<\/p>\n<p><img decoding=\"async\" loading=\"lazy\" class=\" size-full wp-image-1803\" style=\"display: block; margin-left: auto; margin-right: auto;\" src=\"http:\/\/tamazuladegordiano.gob.mx\/new\/wp-content\/uploads\/2022\/09\/grito4.JPG\" alt=\"\" width=\"1054\" height=\"593\" srcset=\"https:\/\/tamazuladegordiano.gob.mx\/new\/wp-content\/uploads\/2022\/09\/grito4.JPG 1920w, https:\/\/tamazuladegordiano.gob.mx\/new\/wp-content\/uploads\/2022\/09\/grito4-600x338.jpg 600w, https:\/\/tamazuladegordiano.gob.mx\/new\/wp-content\/uploads\/2022\/09\/grito4-300x169.jpg 300w, https:\/\/tamazuladegordiano.gob.mx\/new\/wp-content\/uploads\/2022\/09\/grito4-1024x576.jpg 1024w, https:\/\/tamazuladegordiano.gob.mx\/new\/wp-content\/uploads\/2022\/09\/grito4-768x432.jpg 768w, https:\/\/tamazuladegordiano.gob.mx\/new\/wp-content\/uploads\/2022\/09\/grito4-1536x864.jpg 1536w\" sizes=\"(max-width: 1054px) 100vw, 1054px\" \/><\/p>\n<p class=\"tm7\"><span class=\"tm8\">Al finalizar, cada uno de los integrantes del Gobierno Municipal regresaron a las instalaciones de Ayuntamiento para proceder con la ceremonia en el balc\u00f3n presidencial. Despu\u00e9s de que cada una y uno de los Regidores, S\u00edndico Municipal e invitados especiales se posicionaran en \u00e9l, el Secretario General, Lic. Fernando God\u00ednez Lara procedi\u00f3 con la lectura de los Sentimientos de la Naci\u00f3n, donde se dict\u00f3 la soberan\u00eda y libertad del Pueblo por parte del <\/span><span class=\"tm8\">general Jos\u00e9 Mar\u00eda Morelos y Pav\u00f3n. <\/span><\/p>\n<p class=\"tm10\"><span class=\"tm8\">Al termino inmediato de la lectura, el Primer Edil de Tamazula, Ing. Ra\u00fal Everardo Guti\u00e9rrez Casta\u00f1eda, sali\u00f3 al balc\u00f3n portando la Bandera de M\u00e9xico, donde a la ciudadan\u00eda de Tamazula dict\u00f3, \u00a1\u201dViva Miguel Hidalgo y Costilla, viva la corregidora Josefa Ortiz de Dom\u00ednguez, viva Jos\u00e9 Mar\u00eda Morelos y Pav\u00f3n, viva M\u00e9xico, viva M\u00e9xico, viva M\u00e9xico, viva Tamazula\u201d!, y la Bandera de M\u00e9xico onde\u00f3 bajo la lluvia mientras las campanas la <\/span><span class=\"tm8\">Parroquia<\/span><span class=\"tm11\">\u00a0De San Francisco de As\u00eds, <a id=\"aGoBack\"><\/a>sonaron en compa\u00f1\u00eda de la Banda de Guerra del Secci\u00f3n 80.<\/span><\/p>\n<hr \/>\n<p>\u00a0<\/p>\n","protected":false},"excerpt":{"rendered":"<p>\u00a0 La noche del 15 de septiembre, el Centro Hist\u00f3rico de Tamazula se visti\u00f3 de eventos culturales y emoci\u00f3n por [&hellip;]<\/p>\n","protected":false},"author":1,"featured_media":1802,"comment_status":"closed","ping_status":"","sticky":false,"template":"","format":"standard","meta":{"site-sidebar-layout":"default","site-content-layout":"","ast-site-content-layout":"default","site-content-style":"default","site-sidebar-style":"default","ast-global-header-display":"","ast-banner-title-visibility":"","ast-main-header-display":"","ast-hfb-above-header-display":"","ast-hfb-below-header-display":"","ast-hfb-mobile-header-display":"","site-post-title":"","ast-breadcrumbs-content":"","ast-featured-img":"","footer-sml-layout":"","ast-disable-related-posts":"","theme-transparent-header-meta":"","adv-header-id-meta":"","stick-header-meta":"","header-above-stick-meta":"","header-main-stick-meta":"","header-below-stick-meta":"","astra-migrate-meta-layouts":"default","ast-page-background-enabled":"default","ast-page-background-meta":{"desktop":{"background-color":"","background-image":"","background-repeat":"repeat","background-position":"center center","background-size":"auto","background-attachment":"scroll","background-type":"","background-media":"","overlay-type":"","overlay-color":"","overlay-opacity":"","overlay-gradient":""},"tablet":{"background-color":"","background-image":"","background-repeat":"repeat","background-position":"center center","background-size":"auto","background-attachment":"scroll","background-type":"","background-media":"","overlay-type":"","overlay-color":"","overlay-opacity":"","overlay-gradient":""},"mobile":{"background-color":"","background-image":"","background-repeat":"repeat","background-position":"center center","background-size":"auto","background-attachment":"scroll","background-type":"","background-media":"","overlay-type":"","overlay-color":"","overlay-opacity":"","overlay-gradient":""}},"ast-content-background-meta":{"desktop":{"background-color":"var(--ast-global-color-5)","background-image":"","background-repeat":"repeat","background-position":"center center","background-size":"auto","background-attachment":"scroll","background-type":"","background-media":"","overlay-type":"","overlay-color":"","overlay-opacity":"","overlay-gradient":""},"tablet":{"background-color":"var(--ast-global-color-5)","background-image":"","background-repeat":"repeat","background-position":"center center","background-size":"auto","background-attachment":"scroll","background-type":"","background-media":"","overlay-type":"","overlay-color":"","overlay-opacity":"","overlay-gradient":""},"mobile":{"background-color":"var(--ast-global-color-5)","background-image":"","background-repeat":"repeat","background-position":"center center","background-size":"auto","background-attachment":"scroll","background-type":"","background-media":"","overlay-type":"","overlay-color":"","overlay-opacity":"","overlay-gradient":""}}},"categories":[77],"tags":[],"_links":{"self":[{"href":"https:\/\/tamazuladegordiano.gob.mx\/new\/wp-json\/wp\/v2\/posts\/1804"}],"collection":[{"href":"https:\/\/tamazuladegordiano.gob.mx\/new\/wp-json\/wp\/v2\/posts"}],"about":[{"href":"https:\/\/tamazuladegordiano.gob.mx\/new\/wp-json\/wp\/v2\/types\/post"}],"author":[{"embeddable":true,"href":"https:\/\/tamazuladegordiano.gob.mx\/new\/wp-json\/wp\/v2\/users\/1"}],"replies":[{"embeddable":true,"href":"https:\/\/tamazuladegordiano.gob.mx\/new\/wp-json\/wp\/v2\/comments?post=1804"}],"version-history":[{"count":1,"href":"https:\/\/tamazuladegordiano.gob.mx\/new\/wp-json\/wp\/v2\/posts\/1804\/revisions"}],"predecessor-version":[{"id":2571,"href":"https:\/\/tamazuladegordiano.gob.mx\/new\/wp-json\/wp\/v2\/posts\/1804\/revisions\/2571"}],"wp:featuredmedia":[{"embeddable":true,"href":"https:\/\/tamazuladegordiano.gob.mx\/new\/wp-json\/wp\/v2\/media\/1802"}],"wp:attachment":[{"href":"https:\/\/tamazuladegordiano.gob.mx\/new\/wp-json\/wp\/v2\/media?parent=1804"}],"wp:term":[{"taxonomy":"category","embeddable":true,"href":"https:\/\/tamazuladegordiano.gob.mx\/new\/wp-json\/wp\/v2\/categories?post=1804"},{"taxonomy":"post_tag","embeddable":true,"href":"https:\/\/tamazuladegordiano.gob.mx\/new\/wp-json\/wp\/v2\/tags?post=1804"}],"curies":[{"name":"wp","href":"https:\/\/api.w.org\/{rel}","templated":true}]}}