{"id":1801,"date":"2022-09-27T17:39:50","date_gmt":"2022-09-27T17:39:50","guid":{"rendered":"https:\/\/tamazuladegordiano.gob.mx\/new\/noticias\/desfile-de-preescolares-de-tamazula-de-gordiano-jalisco\/"},"modified":"2023-01-27T11:39:58","modified_gmt":"2023-01-27T17:39:58","slug":"desfile-de-preescolares-de-tamazula-de-gordiano-jalisco","status":"publish","type":"post","link":"https:\/\/tamazuladegordiano.gob.mx\/new\/notas\/desfile-de-preescolares-de-tamazula-de-gordiano-jalisco\/","title":{"rendered":"Desfile de Preescolares de Tamazula de Gordiano, Jalisco"},"content":{"rendered":"<p class=\"tm7\"><span class=\"tm8\">Los preescolares de Tamazula de Gordiano realizaron el desfile conmemorativo al 212 Aniversario de la Independencia de M\u00e9xico el d\u00eda 15 de septiembre del 2022. Los preescolares fueron acompa\u00f1ados por el presidente municipal, Ing. Ra\u00fal Everardo Guti\u00e9rrez Casta\u00f1eda y cuerpo edilicio de Ayuntamiento.<\/span><\/p>\n<p class=\"tm7\"><span class=\"tm8\"><img decoding=\"async\" loading=\"lazy\" class=\" size-full wp-image-1800\" style=\"display: block; margin-left: auto; margin-right: auto;\" src=\"http:\/\/tamazuladegordiano.gob.mx\/new\/wp-content\/uploads\/2022\/09\/des.kinder1.JPG\" alt=\"\" width=\"857\" height=\"482\" srcset=\"https:\/\/tamazuladegordiano.gob.mx\/new\/wp-content\/uploads\/2022\/09\/des.kinder1.JPG 1920w, https:\/\/tamazuladegordiano.gob.mx\/new\/wp-content\/uploads\/2022\/09\/des.kinder1-600x338.jpg 600w, https:\/\/tamazuladegordiano.gob.mx\/new\/wp-content\/uploads\/2022\/09\/des.kinder1-300x169.jpg 300w, https:\/\/tamazuladegordiano.gob.mx\/new\/wp-content\/uploads\/2022\/09\/des.kinder1-1024x576.jpg 1024w, https:\/\/tamazuladegordiano.gob.mx\/new\/wp-content\/uploads\/2022\/09\/des.kinder1-768x432.jpg 768w, https:\/\/tamazuladegordiano.gob.mx\/new\/wp-content\/uploads\/2022\/09\/des.kinder1-1536x864.jpg 1536w\" sizes=\"(max-width: 857px) 100vw, 857px\" \/><\/span><\/p>\n<p class=\"tm7\"><span class=\"tm8\">Los contingentes partieron como de costumbre, por la calle Ram\u00f3n Corona-Ni\u00f1os H\u00e9roes, hasta arribar al Centro Hist\u00f3rico Municipal, donde fueron recibidos por las autoridades municipales mientras se hizo la entrega de reconocimiento por parte de los mismos.<\/span><\/p>\n<hr \/>\n<p class=\"Normal\">\u00a0<\/p>\n","protected":false},"excerpt":{"rendered":"<p>Los preescolares de Tamazula de Gordiano realizaron el desfile conmemorativo al 212 Aniversario de la Independencia de M\u00e9xico el d\u00eda [&hellip;]<\/p>\n","protected":false},"author":1,"featured_media":1800,"comment_status":"closed","ping_status":"","sticky":false,"template":"","format":"standard","meta":{"site-sidebar-layout":"default","site-content-layout":"","ast-site-content-layout":"default","site-content-style":"default","site-sidebar-style":"default","ast-global-header-display":"","ast-banner-title-visibility":"","ast-main-header-display":"","ast-hfb-above-header-display":"","ast-hfb-below-header-display":"","ast-hfb-mobile-header-display":"","site-post-title":"","ast-breadcrumbs-content":"","ast-featured-img":"","footer-sml-layout":"","ast-disable-related-posts":"","theme-transparent-header-meta":"","adv-header-id-meta":"","stick-header-meta":"","header-above-stick-meta":"","header-main-stick-meta":"","header-below-stick-meta":"","astra-migrate-meta-layouts":"default","ast-page-background-enabled":"default","ast-page-background-meta":{"desktop":{"background-color":"","background-image":"","background-repeat":"repeat","background-position":"center center","background-size":"auto","background-attachment":"scroll","background-type":"","background-media":"","overlay-type":"","overlay-color":"","overlay-opacity":"","overlay-gradient":""},"tablet":{"background-color":"","background-image":"","background-repeat":"repeat","background-position":"center center","background-size":"auto","background-attachment":"scroll","background-type":"","background-media":"","overlay-type":"","overlay-color":"","overlay-opacity":"","overlay-gradient":""},"mobile":{"background-color":"","background-image":"","background-repeat":"repeat","background-position":"center center","background-size":"auto","background-attachment":"scroll","background-type":"","background-media":"","overlay-type":"","overlay-color":"","overlay-opacity":"","overlay-gradient":""}},"ast-content-background-meta":{"desktop":{"background-color":"var(--ast-global-color-5)","background-image":"","background-repeat":"repeat","background-position":"center center","background-size":"auto","background-attachment":"scroll","background-type":"","background-media":"","overlay-type":"","overlay-color":"","overlay-opacity":"","overlay-gradient":""},"tablet":{"background-color":"var(--ast-global-color-5)","background-image":"","background-repeat":"repeat","background-position":"center center","background-size":"auto","background-attachment":"scroll","background-type":"","background-media":"","overlay-type":"","overlay-color":"","overlay-opacity":"","overlay-gradient":""},"mobile":{"background-color":"var(--ast-global-color-5)","background-image":"","background-repeat":"repeat","background-position":"center center","background-size":"auto","background-attachment":"scroll","background-type":"","background-media":"","overlay-type":"","overlay-color":"","overlay-opacity":"","overlay-gradient":""}}},"categories":[77],"tags":[],"_links":{"self":[{"href":"https:\/\/tamazuladegordiano.gob.mx\/new\/wp-json\/wp\/v2\/posts\/1801"}],"collection":[{"href":"https:\/\/tamazuladegordiano.gob.mx\/new\/wp-json\/wp\/v2\/posts"}],"about":[{"href":"https:\/\/tamazuladegordiano.gob.mx\/new\/wp-json\/wp\/v2\/types\/post"}],"author":[{"embeddable":true,"href":"https:\/\/tamazuladegordiano.gob.mx\/new\/wp-json\/wp\/v2\/users\/1"}],"replies":[{"embeddable":true,"href":"https:\/\/tamazuladegordiano.gob.mx\/new\/wp-json\/wp\/v2\/comments?post=1801"}],"version-history":[{"count":1,"href":"https:\/\/tamazuladegordiano.gob.mx\/new\/wp-json\/wp\/v2\/posts\/1801\/revisions"}],"predecessor-version":[{"id":2572,"href":"https:\/\/tamazuladegordiano.gob.mx\/new\/wp-json\/wp\/v2\/posts\/1801\/revisions\/2572"}],"wp:featuredmedia":[{"embeddable":true,"href":"https:\/\/tamazuladegordiano.gob.mx\/new\/wp-json\/wp\/v2\/media\/1800"}],"wp:attachment":[{"href":"https:\/\/tamazuladegordiano.gob.mx\/new\/wp-json\/wp\/v2\/media?parent=1801"}],"wp:term":[{"taxonomy":"category","embeddable":true,"href":"https:\/\/tamazuladegordiano.gob.mx\/new\/wp-json\/wp\/v2\/categories?post=1801"},{"taxonomy":"post_tag","embeddable":true,"href":"https:\/\/tamazuladegordiano.gob.mx\/new\/wp-json\/wp\/v2\/tags?post=1801"}],"curies":[{"name":"wp","href":"https:\/\/api.w.org\/{rel}","templated":true}]}}