{"id":1799,"date":"2022-09-27T17:38:22","date_gmt":"2022-09-27T17:38:22","guid":{"rendered":"https:\/\/tamazuladegordiano.gob.mx\/new\/noticias\/homenaje-al-general-jose-francisco-gordiano-guzman\/"},"modified":"2023-01-27T11:39:58","modified_gmt":"2023-01-27T17:39:58","slug":"homenaje-al-general-jose-francisco-gordiano-guzman","status":"publish","type":"post","link":"https:\/\/tamazuladegordiano.gob.mx\/new\/notas\/homenaje-al-general-jose-francisco-gordiano-guzman\/","title":{"rendered":"Homenaje al General Jos\u00e9 Francisco Gordiano Guzm\u00e1n"},"content":{"rendered":"<p class=\"tm6\"><span class=\"tm7\">Dentro del marco de Fiestas Patrias Tamazula 2022, homenajear al General Jos\u00e9 Francisco Gordiano Guzm\u00e1n es una tradici\u00f3n como primer evento para arrancar con las festividades; dicho evento se realiz\u00f3 el d\u00eda 13 de septiembre comenzando en la delegaci\u00f3n de San Francisco. <\/span><\/p>\n<p class=\"tm6\"><span class=\"tm7\">En San Francisco, localidad de Tamazula de Gordiano, se realiz\u00f3 la ceremonia en la explanada del jard\u00edn principal en compa\u00f1\u00eda de la Telesecundaria Jos\u00e9 Guadalupe Zuno, primaria Emiliano Zapata, Prescolar Lerdo de Tejada, Secundaria Gordiano Guzm\u00e1n, autoridades municipales tales como Ing. Ra\u00fal Everardo Guti\u00e9rrez Casta\u00f1eda, presidente municipal de Tamazula, Lic. Orlanda Dawlet Olivo Ram\u00edrez, Jefa de Educaci\u00f3n, Lic. Ricardo Cervantes Garc\u00eda, Regidor de Educaci\u00f3n y comunidad en general.<\/span><\/p>\n<p class=\"tm6\"><span class=\"tm7\"><img decoding=\"async\" loading=\"lazy\" class=\" size-full wp-image-1798\" style=\"display: block; margin-left: auto; margin-right: auto;\" src=\"http:\/\/tamazuladegordiano.gob.mx\/new\/wp-content\/uploads\/2022\/09\/homenaje-gordiano-1-scaled.jpg\" alt=\"\" width=\"1052\" height=\"700\" srcset=\"https:\/\/tamazuladegordiano.gob.mx\/new\/wp-content\/uploads\/2022\/09\/homenaje-gordiano-1-scaled.jpg 2560w, https:\/\/tamazuladegordiano.gob.mx\/new\/wp-content\/uploads\/2022\/09\/homenaje-gordiano-1-scaled-600x399.jpg 600w, https:\/\/tamazuladegordiano.gob.mx\/new\/wp-content\/uploads\/2022\/09\/homenaje-gordiano-1-300x200.jpg 300w, https:\/\/tamazuladegordiano.gob.mx\/new\/wp-content\/uploads\/2022\/09\/homenaje-gordiano-1-1024x682.jpg 1024w, https:\/\/tamazuladegordiano.gob.mx\/new\/wp-content\/uploads\/2022\/09\/homenaje-gordiano-1-768x511.jpg 768w, https:\/\/tamazuladegordiano.gob.mx\/new\/wp-content\/uploads\/2022\/09\/homenaje-gordiano-1-1536x1023.jpg 1536w, https:\/\/tamazuladegordiano.gob.mx\/new\/wp-content\/uploads\/2022\/09\/homenaje-gordiano-1-2048x1364.jpg 2048w, https:\/\/tamazuladegordiano.gob.mx\/new\/wp-content\/uploads\/2022\/09\/homenaje-gordiano-1-930x620.jpg 930w\" sizes=\"(max-width: 1052px) 100vw, 1052px\" \/><\/span><\/p>\n<p class=\"tm6\"><span class=\"tm7\">Dicho evento comenz\u00f3 con honores a la bandera, al finalizarlos una alumna de la Secundaria Gordiano Guzm\u00e1n procedi\u00f3 a leer una rese\u00f1a del general, personaje hist\u00f3rico que fungi\u00f3 por la Independencia de M\u00e9xico. Despu\u00e9s de varios minutos de lectura el presidente municipal Ing. Ra\u00fal Everardo Guti\u00e9rrez Casta\u00f1eda brind\u00f3 su mensaje hacia la comunidad y escuelas participantes. Al termino de este y bajo la lluvia, se dio inicio con el tradional recorrido con antorcha, encabezado por los alumnos de la Secundaria Gordiano Guzm\u00e1n. <\/span><\/p>\n<p class=\"tm6\"><span class=\"tm7\">Despu\u00e9s de una hora aproximadamente y tras recorrer la carretera Jiquilpan-Manzanillo, los alumnos de la Secundaria Gordiano Guzm\u00e1n arribaron al Centro Hist\u00f3rico, en donde se realiz\u00f3 la Guardia de Honor en el monumento de Gordiano Guzm\u00e1n y la colocaci\u00f3n de ofrenda floral.<\/span><\/p>\n<hr \/>\n<p class=\"tm6\">\u00a0<\/p>\n","protected":false},"excerpt":{"rendered":"<p>Dentro del marco de Fiestas Patrias Tamazula 2022, homenajear al General Jos\u00e9 Francisco Gordiano Guzm\u00e1n es una tradici\u00f3n como primer [&hellip;]<\/p>\n","protected":false},"author":1,"featured_media":1798,"comment_status":"closed","ping_status":"","sticky":false,"template":"","format":"standard","meta":{"site-sidebar-layout":"default","site-content-layout":"","ast-site-content-layout":"default","site-content-style":"default","site-sidebar-style":"default","ast-global-header-display":"","ast-banner-title-visibility":"","ast-main-header-display":"","ast-hfb-above-header-display":"","ast-hfb-below-header-display":"","ast-hfb-mobile-header-display":"","site-post-title":"","ast-breadcrumbs-content":"","ast-featured-img":"","footer-sml-layout":"","ast-disable-related-posts":"","theme-transparent-header-meta":"","adv-header-id-meta":"","stick-header-meta":"","header-above-stick-meta":"","header-main-stick-meta":"","header-below-stick-meta":"","astra-migrate-meta-layouts":"default","ast-page-background-enabled":"default","ast-page-background-meta":{"desktop":{"background-color":"","background-image":"","background-repeat":"repeat","background-position":"center center","background-size":"auto","background-attachment":"scroll","background-type":"","background-media":"","overlay-type":"","overlay-color":"","overlay-opacity":"","overlay-gradient":""},"tablet":{"background-color":"","background-image":"","background-repeat":"repeat","background-position":"center center","background-size":"auto","background-attachment":"scroll","background-type":"","background-media":"","overlay-type":"","overlay-color":"","overlay-opacity":"","overlay-gradient":""},"mobile":{"background-color":"","background-image":"","background-repeat":"repeat","background-position":"center center","background-size":"auto","background-attachment":"scroll","background-type":"","background-media":"","overlay-type":"","overlay-color":"","overlay-opacity":"","overlay-gradient":""}},"ast-content-background-meta":{"desktop":{"background-color":"var(--ast-global-color-5)","background-image":"","background-repeat":"repeat","background-position":"center center","background-size":"auto","background-attachment":"scroll","background-type":"","background-media":"","overlay-type":"","overlay-color":"","overlay-opacity":"","overlay-gradient":""},"tablet":{"background-color":"var(--ast-global-color-5)","background-image":"","background-repeat":"repeat","background-position":"center center","background-size":"auto","background-attachment":"scroll","background-type":"","background-media":"","overlay-type":"","overlay-color":"","overlay-opacity":"","overlay-gradient":""},"mobile":{"background-color":"var(--ast-global-color-5)","background-image":"","background-repeat":"repeat","background-position":"center center","background-size":"auto","background-attachment":"scroll","background-type":"","background-media":"","overlay-type":"","overlay-color":"","overlay-opacity":"","overlay-gradient":""}}},"categories":[77],"tags":[],"_links":{"self":[{"href":"https:\/\/tamazuladegordiano.gob.mx\/new\/wp-json\/wp\/v2\/posts\/1799"}],"collection":[{"href":"https:\/\/tamazuladegordiano.gob.mx\/new\/wp-json\/wp\/v2\/posts"}],"about":[{"href":"https:\/\/tamazuladegordiano.gob.mx\/new\/wp-json\/wp\/v2\/types\/post"}],"author":[{"embeddable":true,"href":"https:\/\/tamazuladegordiano.gob.mx\/new\/wp-json\/wp\/v2\/users\/1"}],"replies":[{"embeddable":true,"href":"https:\/\/tamazuladegordiano.gob.mx\/new\/wp-json\/wp\/v2\/comments?post=1799"}],"version-history":[{"count":1,"href":"https:\/\/tamazuladegordiano.gob.mx\/new\/wp-json\/wp\/v2\/posts\/1799\/revisions"}],"predecessor-version":[{"id":2573,"href":"https:\/\/tamazuladegordiano.gob.mx\/new\/wp-json\/wp\/v2\/posts\/1799\/revisions\/2573"}],"wp:featuredmedia":[{"embeddable":true,"href":"https:\/\/tamazuladegordiano.gob.mx\/new\/wp-json\/wp\/v2\/media\/1798"}],"wp:attachment":[{"href":"https:\/\/tamazuladegordiano.gob.mx\/new\/wp-json\/wp\/v2\/media?parent=1799"}],"wp:term":[{"taxonomy":"category","embeddable":true,"href":"https:\/\/tamazuladegordiano.gob.mx\/new\/wp-json\/wp\/v2\/categories?post=1799"},{"taxonomy":"post_tag","embeddable":true,"href":"https:\/\/tamazuladegordiano.gob.mx\/new\/wp-json\/wp\/v2\/tags?post=1799"}],"curies":[{"name":"wp","href":"https:\/\/api.w.org\/{rel}","templated":true}]}}