{"id":1514,"date":"2021-02-04T20:15:01","date_gmt":"2021-02-04T20:15:01","guid":{"rendered":"https:\/\/tamazuladegordiano.gob.mx\/new\/noticias\/construccion-del-area-de-vacunacion-hospital-comunitario-de-tamazula\/"},"modified":"2023-01-27T11:40:06","modified_gmt":"2023-01-27T17:40:06","slug":"construccion-del-area-de-vacunacion-hospital-comunitario-de-tamazula","status":"publish","type":"post","link":"https:\/\/tamazuladegordiano.gob.mx\/new\/notas\/construccion-del-area-de-vacunacion-hospital-comunitario-de-tamazula\/","title":{"rendered":"Construcci\u00f3n del \u00e1rea de vacunaci\u00f3n Hospital Comunitario de Tamazula"},"content":{"rendered":"<p>Este martes 02 de Febrero el Dr. Francisco Javier \u00c1lvarez Ch\u00e1vez, Presidente Municipal acudi\u00f3 al Hospital Comunitario de Tamazula para anunciar el arranque de construcci\u00f3n del \u00e1rea de vacunaci\u00f3n en este hospital, la cual quedara terminada el 13 de este mes.<\/p>\n<p>Acompa\u00f1ado del Director del nosocomio, Dr. Juan Francisco Guizar Maga\u00f1a, de la Dra. Laura Gabriela Jim\u00e9nez I\u00f1iguez ex Directora del Hospital y del Jefe de Proyectos de Obras P\u00fablicas, Arq. Asael C\u00e1rdenas Maga\u00f1a, el primer edil reafirmo su compromiso de apoyar la infraestructura hospitalaria en el municipio y velar por la salud de los ciudadanos, adelantando que el pr\u00f3ximo 15 de febrero llegara a Tamazula las primeras dosis del biol\u00f3gico contra el covid-19.<\/p>\n<p style=\"text-align: center;\"><img decoding=\"async\" loading=\"lazy\" class=\" size-full wp-image-1513\" src=\"http:\/\/tamazuladegordiano.gob.mx\/new\/wp-content\/uploads\/2021\/02\/construccion-area-de-vacuna3.jpg\" alt=\"\" width=\"600\" height=\"400\" srcset=\"https:\/\/tamazuladegordiano.gob.mx\/new\/wp-content\/uploads\/2021\/02\/construccion-area-de-vacuna3.jpg 600w, https:\/\/tamazuladegordiano.gob.mx\/new\/wp-content\/uploads\/2021\/02\/construccion-area-de-vacuna3-300x200.jpg 300w\" sizes=\"(max-width: 600px) 100vw, 600px\" \/><\/p>\n<p>Por su parte la Dra. Jim\u00e9nez I\u00f1iguez, agradeci\u00f3 y reconoci\u00f3 el trabajo del personal m\u00e9dico, de enfermer\u00eda y administrativo por su desempe\u00f1o durante su gesti\u00f3n como Directora; y dijo, que del pliego petitorio presentado desde el inicio de su administraci\u00f3n, el 95% de ello han sido cumplidos satisfactoriamente.\u00a0<\/p>\n<p>Al t\u00e9rmino del evento las autoridades entregaron tazas conmemorativas por el d\u00eda de las enfermeras y los enfermeros.<\/p>\n<hr \/>\n<p>\u00a0<\/p>\n","protected":false},"excerpt":{"rendered":"<p>Este martes 02 de Febrero el Dr. Francisco Javier \u00c1lvarez Ch\u00e1vez, Presidente Municipal acudi\u00f3 al Hospital Comunitario de Tamazula para [&hellip;]<\/p>\n","protected":false},"author":1,"featured_media":1513,"comment_status":"closed","ping_status":"","sticky":false,"template":"","format":"standard","meta":{"site-sidebar-layout":"default","site-content-layout":"","ast-site-content-layout":"default","site-content-style":"default","site-sidebar-style":"default","ast-global-header-display":"","ast-banner-title-visibility":"","ast-main-header-display":"","ast-hfb-above-header-display":"","ast-hfb-below-header-display":"","ast-hfb-mobile-header-display":"","site-post-title":"","ast-breadcrumbs-content":"","ast-featured-img":"","footer-sml-layout":"","ast-disable-related-posts":"","theme-transparent-header-meta":"","adv-header-id-meta":"","stick-header-meta":"","header-above-stick-meta":"","header-main-stick-meta":"","header-below-stick-meta":"","astra-migrate-meta-layouts":"default","ast-page-background-enabled":"default","ast-page-background-meta":{"desktop":{"background-color":"","background-image":"","background-repeat":"repeat","background-position":"center center","background-size":"auto","background-attachment":"scroll","background-type":"","background-media":"","overlay-type":"","overlay-color":"","overlay-opacity":"","overlay-gradient":""},"tablet":{"background-color":"","background-image":"","background-repeat":"repeat","background-position":"center center","background-size":"auto","background-attachment":"scroll","background-type":"","background-media":"","overlay-type":"","overlay-color":"","overlay-opacity":"","overlay-gradient":""},"mobile":{"background-color":"","background-image":"","background-repeat":"repeat","background-position":"center center","background-size":"auto","background-attachment":"scroll","background-type":"","background-media":"","overlay-type":"","overlay-color":"","overlay-opacity":"","overlay-gradient":""}},"ast-content-background-meta":{"desktop":{"background-color":"var(--ast-global-color-5)","background-image":"","background-repeat":"repeat","background-position":"center center","background-size":"auto","background-attachment":"scroll","background-type":"","background-media":"","overlay-type":"","overlay-color":"","overlay-opacity":"","overlay-gradient":""},"tablet":{"background-color":"var(--ast-global-color-5)","background-image":"","background-repeat":"repeat","background-position":"center center","background-size":"auto","background-attachment":"scroll","background-type":"","background-media":"","overlay-type":"","overlay-color":"","overlay-opacity":"","overlay-gradient":""},"mobile":{"background-color":"var(--ast-global-color-5)","background-image":"","background-repeat":"repeat","background-position":"center center","background-size":"auto","background-attachment":"scroll","background-type":"","background-media":"","overlay-type":"","overlay-color":"","overlay-opacity":"","overlay-gradient":""}}},"categories":[77],"tags":[],"_links":{"self":[{"href":"https:\/\/tamazuladegordiano.gob.mx\/new\/wp-json\/wp\/v2\/posts\/1514"}],"collection":[{"href":"https:\/\/tamazuladegordiano.gob.mx\/new\/wp-json\/wp\/v2\/posts"}],"about":[{"href":"https:\/\/tamazuladegordiano.gob.mx\/new\/wp-json\/wp\/v2\/types\/post"}],"author":[{"embeddable":true,"href":"https:\/\/tamazuladegordiano.gob.mx\/new\/wp-json\/wp\/v2\/users\/1"}],"replies":[{"embeddable":true,"href":"https:\/\/tamazuladegordiano.gob.mx\/new\/wp-json\/wp\/v2\/comments?post=1514"}],"version-history":[{"count":1,"href":"https:\/\/tamazuladegordiano.gob.mx\/new\/wp-json\/wp\/v2\/posts\/1514\/revisions"}],"predecessor-version":[{"id":2696,"href":"https:\/\/tamazuladegordiano.gob.mx\/new\/wp-json\/wp\/v2\/posts\/1514\/revisions\/2696"}],"wp:featuredmedia":[{"embeddable":true,"href":"https:\/\/tamazuladegordiano.gob.mx\/new\/wp-json\/wp\/v2\/media\/1513"}],"wp:attachment":[{"href":"https:\/\/tamazuladegordiano.gob.mx\/new\/wp-json\/wp\/v2\/media?parent=1514"}],"wp:term":[{"taxonomy":"category","embeddable":true,"href":"https:\/\/tamazuladegordiano.gob.mx\/new\/wp-json\/wp\/v2\/categories?post=1514"},{"taxonomy":"post_tag","embeddable":true,"href":"https:\/\/tamazuladegordiano.gob.mx\/new\/wp-json\/wp\/v2\/tags?post=1514"}],"curies":[{"name":"wp","href":"https:\/\/api.w.org\/{rel}","templated":true}]}}