{"id":1122,"date":"2019-12-06T20:03:47","date_gmt":"2019-12-06T20:03:47","guid":{"rendered":"https:\/\/tamazuladegordiano.gob.mx\/new\/noticias\/dia-internacional-de-las-personas-con-discapacidad\/"},"modified":"2023-01-27T11:40:24","modified_gmt":"2023-01-27T17:40:24","slug":"dia-internacional-de-las-personas-con-discapacidad","status":"publish","type":"post","link":"https:\/\/tamazuladegordiano.gob.mx\/new\/notas\/dia-internacional-de-las-personas-con-discapacidad\/","title":{"rendered":"D\u00eda Internacional de las Personas con Discapacidad"},"content":{"rendered":"<p>El D\u00eda Internacional de las Personas con Discapacidad fue declarado en 1992 con el objetivo de promover los derechos y el bienestar de las personas con discapacidades en todos los \u00e1mbitos de la sociedad y el desarrollo, as\u00ed como concienciar sobre su situaci\u00f3n en todos los aspectos de la vida pol\u00edtica, social, econ\u00f3mica y cultural.<\/p>\n<p style=\"text-align: center;\"><img decoding=\"async\" loading=\"lazy\" class=\" size-full wp-image-1121\" src=\"http:\/\/tamazuladegordiano.gob.mx\/new\/wp-content\/uploads\/2019\/12\/dia-de-la-discapacidad-6.jpg\" alt=\"\" width=\"600\" height=\"400\" srcset=\"https:\/\/tamazuladegordiano.gob.mx\/new\/wp-content\/uploads\/2019\/12\/dia-de-la-discapacidad-6.jpg 600w, https:\/\/tamazuladegordiano.gob.mx\/new\/wp-content\/uploads\/2019\/12\/dia-de-la-discapacidad-6-300x200.jpg 300w\" sizes=\"(max-width: 600px) 100vw, 600px\" \/><\/p>\n<p>Por este motivo, hoy 03 de Diciembre alumnos y maestros del Centro de Atenci\u00f3n M\u00faltiple \u2018\u2019Agust\u00edn Y\u00e1nez\u2019\u2019 fueron recibidos por el Secretario General del Ayuntamiento, Mtro. Juan Ignacio Herrera del Toro en representaci\u00f3n del Presidente Municipal, Dr. Francisco Javier \u00c1lvarez Ch\u00e1vez, en Presidencia Municipal donde se realiz\u00f3 una importante campa\u00f1a de concientizaci\u00f3n sobre la inclusi\u00f3n de personas con discapacidad en la sociedad.<\/p>\n<p>Este a\u00f1o el tema del D\u00eda Internacional de las Personas con Discapacidad (IDPD) es \u00abParticipaci\u00f3n y el liderazgo de las personas con discapacidad: Agenda de Desarrollo 2030\u00bb. Se centra en el empoderamiento de las personas con discapacidad para un desarrollo inclusivo, equitativo y sostenible, como se ped\u00eda en la Agenda 2030 para el Desarrollo Sostenible, que se compromete a \u00abno dejar a nadie atr\u00e1s\u00bb y considera la discapacidad como una cuesti\u00f3n transversal en la implementaci\u00f3n de sus 17 Objetivos de Desarrollo Sostenible (ODS).<\/p>\n<hr \/>\n<p>\u00a0<\/p>\n","protected":false},"excerpt":{"rendered":"<p>El D\u00eda Internacional de las Personas con Discapacidad fue declarado en 1992 con el objetivo de promover los derechos y [&hellip;]<\/p>\n","protected":false},"author":1,"featured_media":1121,"comment_status":"closed","ping_status":"","sticky":false,"template":"","format":"standard","meta":{"site-sidebar-layout":"default","site-content-layout":"","ast-site-content-layout":"default","site-content-style":"default","site-sidebar-style":"default","ast-global-header-display":"","ast-banner-title-visibility":"","ast-main-header-display":"","ast-hfb-above-header-display":"","ast-hfb-below-header-display":"","ast-hfb-mobile-header-display":"","site-post-title":"","ast-breadcrumbs-content":"","ast-featured-img":"","footer-sml-layout":"","ast-disable-related-posts":"","theme-transparent-header-meta":"","adv-header-id-meta":"","stick-header-meta":"","header-above-stick-meta":"","header-main-stick-meta":"","header-below-stick-meta":"","astra-migrate-meta-layouts":"default","ast-page-background-enabled":"default","ast-page-background-meta":{"desktop":{"background-color":"","background-image":"","background-repeat":"repeat","background-position":"center center","background-size":"auto","background-attachment":"scroll","background-type":"","background-media":"","overlay-type":"","overlay-color":"","overlay-opacity":"","overlay-gradient":""},"tablet":{"background-color":"","background-image":"","background-repeat":"repeat","background-position":"center center","background-size":"auto","background-attachment":"scroll","background-type":"","background-media":"","overlay-type":"","overlay-color":"","overlay-opacity":"","overlay-gradient":""},"mobile":{"background-color":"","background-image":"","background-repeat":"repeat","background-position":"center center","background-size":"auto","background-attachment":"scroll","background-type":"","background-media":"","overlay-type":"","overlay-color":"","overlay-opacity":"","overlay-gradient":""}},"ast-content-background-meta":{"desktop":{"background-color":"var(--ast-global-color-5)","background-image":"","background-repeat":"repeat","background-position":"center center","background-size":"auto","background-attachment":"scroll","background-type":"","background-media":"","overlay-type":"","overlay-color":"","overlay-opacity":"","overlay-gradient":""},"tablet":{"background-color":"var(--ast-global-color-5)","background-image":"","background-repeat":"repeat","background-position":"center center","background-size":"auto","background-attachment":"scroll","background-type":"","background-media":"","overlay-type":"","overlay-color":"","overlay-opacity":"","overlay-gradient":""},"mobile":{"background-color":"var(--ast-global-color-5)","background-image":"","background-repeat":"repeat","background-position":"center center","background-size":"auto","background-attachment":"scroll","background-type":"","background-media":"","overlay-type":"","overlay-color":"","overlay-opacity":"","overlay-gradient":""}}},"categories":[77],"tags":[],"_links":{"self":[{"href":"https:\/\/tamazuladegordiano.gob.mx\/new\/wp-json\/wp\/v2\/posts\/1122"}],"collection":[{"href":"https:\/\/tamazuladegordiano.gob.mx\/new\/wp-json\/wp\/v2\/posts"}],"about":[{"href":"https:\/\/tamazuladegordiano.gob.mx\/new\/wp-json\/wp\/v2\/types\/post"}],"author":[{"embeddable":true,"href":"https:\/\/tamazuladegordiano.gob.mx\/new\/wp-json\/wp\/v2\/users\/1"}],"replies":[{"embeddable":true,"href":"https:\/\/tamazuladegordiano.gob.mx\/new\/wp-json\/wp\/v2\/comments?post=1122"}],"version-history":[{"count":1,"href":"https:\/\/tamazuladegordiano.gob.mx\/new\/wp-json\/wp\/v2\/posts\/1122\/revisions"}],"predecessor-version":[{"id":2875,"href":"https:\/\/tamazuladegordiano.gob.mx\/new\/wp-json\/wp\/v2\/posts\/1122\/revisions\/2875"}],"wp:featuredmedia":[{"embeddable":true,"href":"https:\/\/tamazuladegordiano.gob.mx\/new\/wp-json\/wp\/v2\/media\/1121"}],"wp:attachment":[{"href":"https:\/\/tamazuladegordiano.gob.mx\/new\/wp-json\/wp\/v2\/media?parent=1122"}],"wp:term":[{"taxonomy":"category","embeddable":true,"href":"https:\/\/tamazuladegordiano.gob.mx\/new\/wp-json\/wp\/v2\/categories?post=1122"},{"taxonomy":"post_tag","embeddable":true,"href":"https:\/\/tamazuladegordiano.gob.mx\/new\/wp-json\/wp\/v2\/tags?post=1122"}],"curies":[{"name":"wp","href":"https:\/\/api.w.org\/{rel}","templated":true}]}}