{"id":1113,"date":"2019-11-28T17:46:18","date_gmt":"2019-11-28T17:46:18","guid":{"rendered":"https:\/\/tamazuladegordiano.gob.mx\/new\/noticias\/gala-conmemorativa-25-anos-de-la-red-universitaria-de-la-udeg\/"},"modified":"2023-01-27T11:40:25","modified_gmt":"2023-01-27T17:40:25","slug":"gala-conmemorativa-25-anos-de-la-red-universitaria-de-la-udeg","status":"publish","type":"post","link":"https:\/\/tamazuladegordiano.gob.mx\/new\/notas\/gala-conmemorativa-25-anos-de-la-red-universitaria-de-la-udeg\/","title":{"rendered":"Gala Conmemorativa 25 a\u00f1os de la Red Universitaria de la UdeG."},"content":{"rendered":"<p>El Presidente municipal, Dr. Francisco Javier \u00c1lvarez Ch\u00e1vez acudi\u00f3 como invitados especial a la Gala Conmemorativa con motivo de los 25 a\u00f1os de la Red Universitaria de la UdeG.<\/p>\n<p>Con la presencia del ex Rector General, Lic. Ra\u00fal Padilla L\u00f3pez, el actual Rector General Dr. Ricardo Villanueva Lomel\u00ed, rectores y ex rectores de los 15 centros universitarios del estado, directores, deportistas destacados y benefactores, se llev\u00f3 a cabo en La Sala Pl\u00e1cido Domingo del Conjunto Santander de Artes Esc\u00e9nicas, foro en el que se rindi\u00f3 un gran homenaje al trabajo y los ideales universitarios que han permitido que la UdeG transforme la vida de miles de mexicanos.<\/p>\n<p>En esta gala el primer edil recibi\u00f3 el reconocimiento por su contribuci\u00f3n a la existencia de la Universidad de Guadalajara en el Sur de Jalisco y por su gran compromiso con la educaci\u00f3n.<\/p>\n<p style=\"text-align: center;\"><img decoding=\"async\" loading=\"lazy\" class=\" size-full wp-image-1112\" src=\"http:\/\/tamazuladegordiano.gob.mx\/new\/wp-content\/uploads\/2019\/11\/red.jpg\" alt=\"\" width=\"515\" height=\"455\" srcset=\"https:\/\/tamazuladegordiano.gob.mx\/new\/wp-content\/uploads\/2019\/11\/red.jpg 515w, https:\/\/tamazuladegordiano.gob.mx\/new\/wp-content\/uploads\/2019\/11\/red-300x265.jpg 300w\" sizes=\"(max-width: 515px) 100vw, 515px\" \/><\/p>\n<p>A la fecha han egresado m\u00e1s de 850 mil profesionistas en sus 25 a\u00f1os de vida,<\/p>\n<p>Hoy, la Red Universitaria est\u00e1 conformada por 15 centros universitarios: seis tem\u00e1ticos y nueve regionales, y el Sistema de Educaci\u00f3n Media Superior (SEMS), integrado por 71 escuelas, 96 m\u00f3dulos y siete extensiones; as\u00ed como el Sistema de Universidad Virtual (UDGVirtual). Con esto, la UdeG tiene presencia en todos los rincones del Estado como no lo hace ninguna otra universidad en M\u00e9xico.<\/p>\n<p>Para recordar estos 25 a\u00f1os de la Red Universitaria se organizaron, en los centros universitarios regionales, festivales de d\u00edas completos que incluyeron diversas actividades culturales, deportivas, recreativas y l\u00fadicas para toda la comunidad. Concluir\u00e1n con el Festival Metropolitano el 20 de noviembre en el CCU.<\/p>\n<p>En esta gala que puso fin a los festejos de aniversario cont\u00f3 con la presentaci\u00f3n de la Orquesta Sinf\u00f3nica del Departamento de M\u00fasica del Centro Universitario de Arte, Arquitectura y Dise\u00f1o (CUAAD), dirigida por Ariadna Ben\u00edtez.<\/p>\n<hr \/>\n<p>\u00a0<\/p>\n","protected":false},"excerpt":{"rendered":"<p>El Presidente municipal, Dr. Francisco Javier \u00c1lvarez Ch\u00e1vez acudi\u00f3 como invitados especial a la Gala Conmemorativa con motivo de los [&hellip;]<\/p>\n","protected":false},"author":1,"featured_media":1112,"comment_status":"closed","ping_status":"","sticky":false,"template":"","format":"standard","meta":{"site-sidebar-layout":"default","site-content-layout":"","ast-site-content-layout":"default","site-content-style":"default","site-sidebar-style":"default","ast-global-header-display":"","ast-banner-title-visibility":"","ast-main-header-display":"","ast-hfb-above-header-display":"","ast-hfb-below-header-display":"","ast-hfb-mobile-header-display":"","site-post-title":"","ast-breadcrumbs-content":"","ast-featured-img":"","footer-sml-layout":"","ast-disable-related-posts":"","theme-transparent-header-meta":"","adv-header-id-meta":"","stick-header-meta":"","header-above-stick-meta":"","header-main-stick-meta":"","header-below-stick-meta":"","astra-migrate-meta-layouts":"default","ast-page-background-enabled":"default","ast-page-background-meta":{"desktop":{"background-color":"","background-image":"","background-repeat":"repeat","background-position":"center center","background-size":"auto","background-attachment":"scroll","background-type":"","background-media":"","overlay-type":"","overlay-color":"","overlay-opacity":"","overlay-gradient":""},"tablet":{"background-color":"","background-image":"","background-repeat":"repeat","background-position":"center center","background-size":"auto","background-attachment":"scroll","background-type":"","background-media":"","overlay-type":"","overlay-color":"","overlay-opacity":"","overlay-gradient":""},"mobile":{"background-color":"","background-image":"","background-repeat":"repeat","background-position":"center center","background-size":"auto","background-attachment":"scroll","background-type":"","background-media":"","overlay-type":"","overlay-color":"","overlay-opacity":"","overlay-gradient":""}},"ast-content-background-meta":{"desktop":{"background-color":"var(--ast-global-color-5)","background-image":"","background-repeat":"repeat","background-position":"center center","background-size":"auto","background-attachment":"scroll","background-type":"","background-media":"","overlay-type":"","overlay-color":"","overlay-opacity":"","overlay-gradient":""},"tablet":{"background-color":"var(--ast-global-color-5)","background-image":"","background-repeat":"repeat","background-position":"center center","background-size":"auto","background-attachment":"scroll","background-type":"","background-media":"","overlay-type":"","overlay-color":"","overlay-opacity":"","overlay-gradient":""},"mobile":{"background-color":"var(--ast-global-color-5)","background-image":"","background-repeat":"repeat","background-position":"center center","background-size":"auto","background-attachment":"scroll","background-type":"","background-media":"","overlay-type":"","overlay-color":"","overlay-opacity":"","overlay-gradient":""}}},"categories":[77],"tags":[],"_links":{"self":[{"href":"https:\/\/tamazuladegordiano.gob.mx\/new\/wp-json\/wp\/v2\/posts\/1113"}],"collection":[{"href":"https:\/\/tamazuladegordiano.gob.mx\/new\/wp-json\/wp\/v2\/posts"}],"about":[{"href":"https:\/\/tamazuladegordiano.gob.mx\/new\/wp-json\/wp\/v2\/types\/post"}],"author":[{"embeddable":true,"href":"https:\/\/tamazuladegordiano.gob.mx\/new\/wp-json\/wp\/v2\/users\/1"}],"replies":[{"embeddable":true,"href":"https:\/\/tamazuladegordiano.gob.mx\/new\/wp-json\/wp\/v2\/comments?post=1113"}],"version-history":[{"count":1,"href":"https:\/\/tamazuladegordiano.gob.mx\/new\/wp-json\/wp\/v2\/posts\/1113\/revisions"}],"predecessor-version":[{"id":2879,"href":"https:\/\/tamazuladegordiano.gob.mx\/new\/wp-json\/wp\/v2\/posts\/1113\/revisions\/2879"}],"wp:featuredmedia":[{"embeddable":true,"href":"https:\/\/tamazuladegordiano.gob.mx\/new\/wp-json\/wp\/v2\/media\/1112"}],"wp:attachment":[{"href":"https:\/\/tamazuladegordiano.gob.mx\/new\/wp-json\/wp\/v2\/media?parent=1113"}],"wp:term":[{"taxonomy":"category","embeddable":true,"href":"https:\/\/tamazuladegordiano.gob.mx\/new\/wp-json\/wp\/v2\/categories?post=1113"},{"taxonomy":"post_tag","embeddable":true,"href":"https:\/\/tamazuladegordiano.gob.mx\/new\/wp-json\/wp\/v2\/tags?post=1113"}],"curies":[{"name":"wp","href":"https:\/\/api.w.org\/{rel}","templated":true}]}}