{"id":1065,"date":"2019-10-18T18:06:15","date_gmt":"2019-10-18T18:06:15","guid":{"rendered":"https:\/\/tamazuladegordiano.gob.mx\/new\/noticias\/56-aniversario-de-que-tamazula-de-gordiano-ascendio-a-categoria-de-ciudad\/"},"modified":"2023-01-27T11:40:27","modified_gmt":"2023-01-27T17:40:27","slug":"56-aniversario-de-que-tamazula-de-gordiano-ascendio-a-categoria-de-ciudad","status":"publish","type":"post","link":"https:\/\/tamazuladegordiano.gob.mx\/new\/notas\/56-aniversario-de-que-tamazula-de-gordiano-ascendio-a-categoria-de-ciudad\/","title":{"rendered":"56 Aniversario de que Tamazula de Gordiano, ascendi\u00f3 a categor\u00eda de Ciudad"},"content":{"rendered":"<p>El Dr. Francisco Javier \u00c1lvarez Ch\u00e1vez, Presidente Municipal encabez\u00f3 el Evento C\u00edvico conmemorativo del 56 Aniversario de que Tamazula de Gordiano, ascendi\u00f3 a categor\u00eda de Ciudad as\u00ed como de la fundaci\u00f3n de la universidad de Guadalajara y del 512 Aniversario del descubrimiento de Am\u00e9rica.<\/p>\n<p style=\"text-align: center;\">En este evento llevado a cabo la ma\u00f1ana de este s\u00e1bado 12 de octubre tambi\u00e9n estuvieron presentes los regidores Tec. Juan Manuel Antill\u00f3n Ruelas, C. Martha Leticia Ch\u00e1vez Jim\u00e9nez y el secretario general Mtro. Ignacio Herrera del Toro.<br \/><img decoding=\"async\" loading=\"lazy\" class=\" size-full wp-image-1064\" src=\"http:\/\/tamazuladegordiano.gob.mx\/new\/wp-content\/uploads\/2019\/10\/acto-civico-1.jpg\" alt=\"\" width=\"600\" height=\"400\" srcset=\"https:\/\/tamazuladegordiano.gob.mx\/new\/wp-content\/uploads\/2019\/10\/acto-civico-1.jpg 600w, https:\/\/tamazuladegordiano.gob.mx\/new\/wp-content\/uploads\/2019\/10\/acto-civico-1-300x200.jpg 300w\" sizes=\"(max-width: 600px) 100vw, 600px\" \/><\/p>\n<p>El evento c\u00edvico cont\u00f3 con la participaci\u00f3n de los alumnos de la Preparatoria Regional de Tamazula \u201cDr. Roberto Mendiola Orta\u201d y del CONALEP \u201cJos\u00e9 Ma. Mart\u00ednez Rodr\u00edguez\u201d as\u00ed como elementos de Seguridad P\u00fablica y de Protecci\u00f3n Civil y Bomberos.<\/p>\n<p>\u00a0<\/p>\n","protected":false},"excerpt":{"rendered":"<p>El Dr. Francisco Javier \u00c1lvarez Ch\u00e1vez, Presidente Municipal encabez\u00f3 el Evento C\u00edvico conmemorativo del 56 Aniversario de que Tamazula de [&hellip;]<\/p>\n","protected":false},"author":1,"featured_media":1064,"comment_status":"closed","ping_status":"","sticky":false,"template":"","format":"standard","meta":{"site-sidebar-layout":"default","site-content-layout":"","ast-site-content-layout":"default","site-content-style":"default","site-sidebar-style":"default","ast-global-header-display":"","ast-banner-title-visibility":"","ast-main-header-display":"","ast-hfb-above-header-display":"","ast-hfb-below-header-display":"","ast-hfb-mobile-header-display":"","site-post-title":"","ast-breadcrumbs-content":"","ast-featured-img":"","footer-sml-layout":"","ast-disable-related-posts":"","theme-transparent-header-meta":"","adv-header-id-meta":"","stick-header-meta":"","header-above-stick-meta":"","header-main-stick-meta":"","header-below-stick-meta":"","astra-migrate-meta-layouts":"default","ast-page-background-enabled":"default","ast-page-background-meta":{"desktop":{"background-color":"","background-image":"","background-repeat":"repeat","background-position":"center center","background-size":"auto","background-attachment":"scroll","background-type":"","background-media":"","overlay-type":"","overlay-color":"","overlay-opacity":"","overlay-gradient":""},"tablet":{"background-color":"","background-image":"","background-repeat":"repeat","background-position":"center center","background-size":"auto","background-attachment":"scroll","background-type":"","background-media":"","overlay-type":"","overlay-color":"","overlay-opacity":"","overlay-gradient":""},"mobile":{"background-color":"","background-image":"","background-repeat":"repeat","background-position":"center center","background-size":"auto","background-attachment":"scroll","background-type":"","background-media":"","overlay-type":"","overlay-color":"","overlay-opacity":"","overlay-gradient":""}},"ast-content-background-meta":{"desktop":{"background-color":"var(--ast-global-color-5)","background-image":"","background-repeat":"repeat","background-position":"center center","background-size":"auto","background-attachment":"scroll","background-type":"","background-media":"","overlay-type":"","overlay-color":"","overlay-opacity":"","overlay-gradient":""},"tablet":{"background-color":"var(--ast-global-color-5)","background-image":"","background-repeat":"repeat","background-position":"center center","background-size":"auto","background-attachment":"scroll","background-type":"","background-media":"","overlay-type":"","overlay-color":"","overlay-opacity":"","overlay-gradient":""},"mobile":{"background-color":"var(--ast-global-color-5)","background-image":"","background-repeat":"repeat","background-position":"center center","background-size":"auto","background-attachment":"scroll","background-type":"","background-media":"","overlay-type":"","overlay-color":"","overlay-opacity":"","overlay-gradient":""}}},"categories":[77],"tags":[],"_links":{"self":[{"href":"https:\/\/tamazuladegordiano.gob.mx\/new\/wp-json\/wp\/v2\/posts\/1065"}],"collection":[{"href":"https:\/\/tamazuladegordiano.gob.mx\/new\/wp-json\/wp\/v2\/posts"}],"about":[{"href":"https:\/\/tamazuladegordiano.gob.mx\/new\/wp-json\/wp\/v2\/types\/post"}],"author":[{"embeddable":true,"href":"https:\/\/tamazuladegordiano.gob.mx\/new\/wp-json\/wp\/v2\/users\/1"}],"replies":[{"embeddable":true,"href":"https:\/\/tamazuladegordiano.gob.mx\/new\/wp-json\/wp\/v2\/comments?post=1065"}],"version-history":[{"count":1,"href":"https:\/\/tamazuladegordiano.gob.mx\/new\/wp-json\/wp\/v2\/posts\/1065\/revisions"}],"predecessor-version":[{"id":2900,"href":"https:\/\/tamazuladegordiano.gob.mx\/new\/wp-json\/wp\/v2\/posts\/1065\/revisions\/2900"}],"wp:featuredmedia":[{"embeddable":true,"href":"https:\/\/tamazuladegordiano.gob.mx\/new\/wp-json\/wp\/v2\/media\/1064"}],"wp:attachment":[{"href":"https:\/\/tamazuladegordiano.gob.mx\/new\/wp-json\/wp\/v2\/media?parent=1065"}],"wp:term":[{"taxonomy":"category","embeddable":true,"href":"https:\/\/tamazuladegordiano.gob.mx\/new\/wp-json\/wp\/v2\/categories?post=1065"},{"taxonomy":"post_tag","embeddable":true,"href":"https:\/\/tamazuladegordiano.gob.mx\/new\/wp-json\/wp\/v2\/tags?post=1065"}],"curies":[{"name":"wp","href":"https:\/\/api.w.org\/{rel}","templated":true}]}}