{"id":1046,"date":"2019-09-26T15:46:19","date_gmt":"2019-09-26T15:46:19","guid":{"rendered":"https:\/\/tamazuladegordiano.gob.mx\/new\/noticias\/decimo-aniversario-museo-hermanos-zaizar\/"},"modified":"2023-02-02T13:22:19","modified_gmt":"2023-02-02T19:22:19","slug":"decimo-aniversario-museo-hermanos-zaizar","status":"publish","type":"post","link":"https:\/\/tamazuladegordiano.gob.mx\/new\/noticias\/decimo-aniversario-museo-hermanos-zaizar\/","title":{"rendered":"D\u00e9cimo Aniversario Museo \u2018\u2019Hermanos Zaizar\u2019\u2019"},"content":{"rendered":"<p>El pasado 21 de Septiembre del a\u00f1o en curso, el Museo \u2018\u2019Hermanos Zaizar\u2019\u2019 celebr\u00f3 su D\u00e9cimo Aniversario, con actividades diversas para toda la familia.<\/p>\n<p>Una verdadera fiesta fue la que el p\u00fablico tamazulense pudo disfrutar en el Patio de Presidencia, con la presentaci\u00f3n del Ballet Folkl\u00f3rico Tlamazolan, el Mariachi Juvenil del Centro Cultural \u2018\u2019Julio Barbosa Casta\u00f1eda\u2019\u2019 as\u00ed como del \u2018\u2019Grupo de Canto\u2019\u2019 y la presentaci\u00f3n estelar de la Orquesta Sinf\u00f3nica, quien comparti\u00f3 un repertorio muy mexicano dirigidos magistralmente por el Maestro Adal Antill\u00f3n D\u00e1vila.<\/p>\n<p style=\"text-align: center;\"><img decoding=\"async\" loading=\"lazy\" class=\" size-full wp-image-1044\" src=\"http:\/\/tamazuladegordiano.gob.mx\/new\/wp-content\/uploads\/2019\/09\/aniversario-museo-7.jpg\" alt=\"\" width=\"600\" height=\"400\" srcset=\"https:\/\/tamazuladegordiano.gob.mx\/new\/wp-content\/uploads\/2019\/09\/aniversario-museo-7.jpg 600w, https:\/\/tamazuladegordiano.gob.mx\/new\/wp-content\/uploads\/2019\/09\/aniversario-museo-7-300x200.jpg 300w\" sizes=\"(max-width: 600px) 100vw, 600px\" \/><\/p>\n<p>Al mismo tiempo en la explanada del Centro Hist\u00f3rico, se pudo disfrutar del lanzamiento de globos gigantes de Cantoya, donde pudieron participar ni\u00f1os y j\u00f3venes lanzando cada uno de los cinco globos multicolor.<\/p>\n<p>El Gobierno Municipal que preside el Dr. Francisco Javier \u00c1lvarez Ch\u00e1vez a trav\u00e9s de la Direcci\u00f3n de Desarrollo Social y Humano en coordinaci\u00f3n con la Jefatura del Museo \u201cHermanos Z\u00e1izar\u201d la cual coordina el Lic. Jaime Alejandro Mercado Rosado, honr\u00f3 la trayectoria y el legado de dos grandes de la m\u00fasica vern\u00e1cula, Juan y David Z\u00e1izar orgullo tamazulense.<\/p>\n<p style=\"text-align: center;\"><img decoding=\"async\" loading=\"lazy\" class=\" size-full wp-image-1045\" src=\"http:\/\/tamazuladegordiano.gob.mx\/new\/wp-content\/uploads\/2019\/09\/aniversario-museo-3.jpg\" alt=\"\" width=\"600\" height=\"400\" srcset=\"https:\/\/tamazuladegordiano.gob.mx\/new\/wp-content\/uploads\/2019\/09\/aniversario-museo-3.jpg 600w, https:\/\/tamazuladegordiano.gob.mx\/new\/wp-content\/uploads\/2019\/09\/aniversario-museo-3-300x200.jpg 300w\" sizes=\"(max-width: 600px) 100vw, 600px\" \/><\/p>\n<hr \/>\n<p>\u00a0<\/p>\n","protected":false},"excerpt":{"rendered":"<p>El pasado 21 de Septiembre del a\u00f1o en curso, el Museo \u2018\u2019Hermanos Zaizar\u2019\u2019 celebr\u00f3 su D\u00e9cimo Aniversario, con actividades diversas [&hellip;]<\/p>\n","protected":false},"author":1,"featured_media":1044,"comment_status":"closed","ping_status":"","sticky":false,"template":"","format":"standard","meta":{"site-sidebar-layout":"default","site-content-layout":"","ast-site-content-layout":"default","site-content-style":"default","site-sidebar-style":"default","ast-global-header-display":"","ast-banner-title-visibility":"","ast-main-header-display":"","ast-hfb-above-header-display":"","ast-hfb-below-header-display":"","ast-hfb-mobile-header-display":"","site-post-title":"","ast-breadcrumbs-content":"","ast-featured-img":"","footer-sml-layout":"","ast-disable-related-posts":"","theme-transparent-header-meta":"","adv-header-id-meta":"","stick-header-meta":"","header-above-stick-meta":"","header-main-stick-meta":"","header-below-stick-meta":"","astra-migrate-meta-layouts":"default","ast-page-background-enabled":"default","ast-page-background-meta":{"desktop":{"background-color":"","background-image":"","background-repeat":"repeat","background-position":"center center","background-size":"auto","background-attachment":"scroll","background-type":"","background-media":"","overlay-type":"","overlay-color":"","overlay-opacity":"","overlay-gradient":""},"tablet":{"background-color":"","background-image":"","background-repeat":"repeat","background-position":"center center","background-size":"auto","background-attachment":"scroll","background-type":"","background-media":"","overlay-type":"","overlay-color":"","overlay-opacity":"","overlay-gradient":""},"mobile":{"background-color":"","background-image":"","background-repeat":"repeat","background-position":"center center","background-size":"auto","background-attachment":"scroll","background-type":"","background-media":"","overlay-type":"","overlay-color":"","overlay-opacity":"","overlay-gradient":""}},"ast-content-background-meta":{"desktop":{"background-color":"var(--ast-global-color-5)","background-image":"","background-repeat":"repeat","background-position":"center center","background-size":"auto","background-attachment":"scroll","background-type":"","background-media":"","overlay-type":"","overlay-color":"","overlay-opacity":"","overlay-gradient":""},"tablet":{"background-color":"var(--ast-global-color-5)","background-image":"","background-repeat":"repeat","background-position":"center center","background-size":"auto","background-attachment":"scroll","background-type":"","background-media":"","overlay-type":"","overlay-color":"","overlay-opacity":"","overlay-gradient":""},"mobile":{"background-color":"var(--ast-global-color-5)","background-image":"","background-repeat":"repeat","background-position":"center center","background-size":"auto","background-attachment":"scroll","background-type":"","background-media":"","overlay-type":"","overlay-color":"","overlay-opacity":"","overlay-gradient":""}}},"categories":[77,29],"tags":[],"_links":{"self":[{"href":"https:\/\/tamazuladegordiano.gob.mx\/new\/wp-json\/wp\/v2\/posts\/1046"}],"collection":[{"href":"https:\/\/tamazuladegordiano.gob.mx\/new\/wp-json\/wp\/v2\/posts"}],"about":[{"href":"https:\/\/tamazuladegordiano.gob.mx\/new\/wp-json\/wp\/v2\/types\/post"}],"author":[{"embeddable":true,"href":"https:\/\/tamazuladegordiano.gob.mx\/new\/wp-json\/wp\/v2\/users\/1"}],"replies":[{"embeddable":true,"href":"https:\/\/tamazuladegordiano.gob.mx\/new\/wp-json\/wp\/v2\/comments?post=1046"}],"version-history":[{"count":1,"href":"https:\/\/tamazuladegordiano.gob.mx\/new\/wp-json\/wp\/v2\/posts\/1046\/revisions"}],"predecessor-version":[{"id":3154,"href":"https:\/\/tamazuladegordiano.gob.mx\/new\/wp-json\/wp\/v2\/posts\/1046\/revisions\/3154"}],"wp:featuredmedia":[{"embeddable":true,"href":"https:\/\/tamazuladegordiano.gob.mx\/new\/wp-json\/wp\/v2\/media\/1044"}],"wp:attachment":[{"href":"https:\/\/tamazuladegordiano.gob.mx\/new\/wp-json\/wp\/v2\/media?parent=1046"}],"wp:term":[{"taxonomy":"category","embeddable":true,"href":"https:\/\/tamazuladegordiano.gob.mx\/new\/wp-json\/wp\/v2\/categories?post=1046"},{"taxonomy":"post_tag","embeddable":true,"href":"https:\/\/tamazuladegordiano.gob.mx\/new\/wp-json\/wp\/v2\/tags?post=1046"}],"curies":[{"name":"wp","href":"https:\/\/api.w.org\/{rel}","templated":true}]}}