{"id":1034,"date":"2019-09-23T14:12:08","date_gmt":"2019-09-23T14:12:08","guid":{"rendered":"https:\/\/tamazuladegordiano.gob.mx\/new\/noticias\/clausura-del-torneo-de-futbol-de-la-liga-infantil-leones-negros-tamazula\/"},"modified":"2023-02-02T13:22:19","modified_gmt":"2023-02-02T19:22:19","slug":"clausura-del-torneo-de-futbol-de-la-liga-infantil-leones-negros-tamazula","status":"publish","type":"post","link":"https:\/\/tamazuladegordiano.gob.mx\/new\/noticias\/clausura-del-torneo-de-futbol-de-la-liga-infantil-leones-negros-tamazula\/","title":{"rendered":"Clausura del Torneo de Futbol de la Liga infantil Leones Negros Tamazula"},"content":{"rendered":"<p class=\"MsoNormal\" style=\"text-align: justify;\"><span style=\"font-size: 10.5pt; line-height: 115%; font-family: 'Helvetica','sans-serif'; color: #1c1e21; background: white;\">El Presiente Municipal Dr. Francisco Javier \u00c1lvarez Ch\u00e1vez, acudi\u00f3 la ma\u00f1ana de este Domingo 15 de Septiembre a la Clausura del Torneo de Futbol de la Liga infantil \u201cLeones Negros Tamazula\u201d , llevada a cabo en la Unidad Deportiva \u201cAdolfo L\u00f3pez Mateos\u201d donde entreg\u00f3 trofeos a cada una de las categor\u00edas ganadoras que participaron en este torneo.<\/span><\/p>\n<p class=\"MsoNormal\" style=\"text-align: center;\"><span style=\"font-size: 10.5pt; line-height: 115%; font-family: 'Helvetica','sans-serif'; color: #1c1e21; background: white;\"><img decoding=\"async\" loading=\"lazy\" class=\" size-full wp-image-1033\" src=\"http:\/\/tamazuladegordiano.gob.mx\/new\/wp-content\/uploads\/2019\/09\/torneo-leones-negros-3.jpg\" alt=\"\" width=\"600\" height=\"400\" srcset=\"https:\/\/tamazuladegordiano.gob.mx\/new\/wp-content\/uploads\/2019\/09\/torneo-leones-negros-3.jpg 600w, https:\/\/tamazuladegordiano.gob.mx\/new\/wp-content\/uploads\/2019\/09\/torneo-leones-negros-3-300x200.jpg 300w\" sizes=\"(max-width: 600px) 100vw, 600px\" \/><\/span><\/p>\n<hr \/>\n<p class=\"MsoNormal\" style=\"text-align: center;\">\u00a0<\/p>\n","protected":false},"excerpt":{"rendered":"<p>El Presiente Municipal Dr. Francisco Javier \u00c1lvarez Ch\u00e1vez, acudi\u00f3 la ma\u00f1ana de este Domingo 15 de Septiembre a la Clausura [&hellip;]<\/p>\n","protected":false},"author":1,"featured_media":1033,"comment_status":"closed","ping_status":"","sticky":false,"template":"","format":"standard","meta":{"site-sidebar-layout":"default","site-content-layout":"","ast-site-content-layout":"default","site-content-style":"default","site-sidebar-style":"default","ast-global-header-display":"","ast-banner-title-visibility":"","ast-main-header-display":"","ast-hfb-above-header-display":"","ast-hfb-below-header-display":"","ast-hfb-mobile-header-display":"","site-post-title":"","ast-breadcrumbs-content":"","ast-featured-img":"","footer-sml-layout":"","ast-disable-related-posts":"","theme-transparent-header-meta":"","adv-header-id-meta":"","stick-header-meta":"","header-above-stick-meta":"","header-main-stick-meta":"","header-below-stick-meta":"","astra-migrate-meta-layouts":"default","ast-page-background-enabled":"default","ast-page-background-meta":{"desktop":{"background-color":"","background-image":"","background-repeat":"repeat","background-position":"center center","background-size":"auto","background-attachment":"scroll","background-type":"","background-media":"","overlay-type":"","overlay-color":"","overlay-opacity":"","overlay-gradient":""},"tablet":{"background-color":"","background-image":"","background-repeat":"repeat","background-position":"center center","background-size":"auto","background-attachment":"scroll","background-type":"","background-media":"","overlay-type":"","overlay-color":"","overlay-opacity":"","overlay-gradient":""},"mobile":{"background-color":"","background-image":"","background-repeat":"repeat","background-position":"center center","background-size":"auto","background-attachment":"scroll","background-type":"","background-media":"","overlay-type":"","overlay-color":"","overlay-opacity":"","overlay-gradient":""}},"ast-content-background-meta":{"desktop":{"background-color":"var(--ast-global-color-5)","background-image":"","background-repeat":"repeat","background-position":"center center","background-size":"auto","background-attachment":"scroll","background-type":"","background-media":"","overlay-type":"","overlay-color":"","overlay-opacity":"","overlay-gradient":""},"tablet":{"background-color":"var(--ast-global-color-5)","background-image":"","background-repeat":"repeat","background-position":"center center","background-size":"auto","background-attachment":"scroll","background-type":"","background-media":"","overlay-type":"","overlay-color":"","overlay-opacity":"","overlay-gradient":""},"mobile":{"background-color":"var(--ast-global-color-5)","background-image":"","background-repeat":"repeat","background-position":"center center","background-size":"auto","background-attachment":"scroll","background-type":"","background-media":"","overlay-type":"","overlay-color":"","overlay-opacity":"","overlay-gradient":""}}},"categories":[77,29],"tags":[],"_links":{"self":[{"href":"https:\/\/tamazuladegordiano.gob.mx\/new\/wp-json\/wp\/v2\/posts\/1034"}],"collection":[{"href":"https:\/\/tamazuladegordiano.gob.mx\/new\/wp-json\/wp\/v2\/posts"}],"about":[{"href":"https:\/\/tamazuladegordiano.gob.mx\/new\/wp-json\/wp\/v2\/types\/post"}],"author":[{"embeddable":true,"href":"https:\/\/tamazuladegordiano.gob.mx\/new\/wp-json\/wp\/v2\/users\/1"}],"replies":[{"embeddable":true,"href":"https:\/\/tamazuladegordiano.gob.mx\/new\/wp-json\/wp\/v2\/comments?post=1034"}],"version-history":[{"count":1,"href":"https:\/\/tamazuladegordiano.gob.mx\/new\/wp-json\/wp\/v2\/posts\/1034\/revisions"}],"predecessor-version":[{"id":3159,"href":"https:\/\/tamazuladegordiano.gob.mx\/new\/wp-json\/wp\/v2\/posts\/1034\/revisions\/3159"}],"wp:featuredmedia":[{"embeddable":true,"href":"https:\/\/tamazuladegordiano.gob.mx\/new\/wp-json\/wp\/v2\/media\/1033"}],"wp:attachment":[{"href":"https:\/\/tamazuladegordiano.gob.mx\/new\/wp-json\/wp\/v2\/media?parent=1034"}],"wp:term":[{"taxonomy":"category","embeddable":true,"href":"https:\/\/tamazuladegordiano.gob.mx\/new\/wp-json\/wp\/v2\/categories?post=1034"},{"taxonomy":"post_tag","embeddable":true,"href":"https:\/\/tamazuladegordiano.gob.mx\/new\/wp-json\/wp\/v2\/tags?post=1034"}],"curies":[{"name":"wp","href":"https:\/\/api.w.org\/{rel}","templated":true}]}}